{"id":64178,"date":"2024-01-12T19:29:56","date_gmt":"2024-01-13T01:29:56","guid":{"rendered":"http:\/\/www.zonaroja.com.mx\/?p=64178"},"modified":"2024-01-12T19:29:58","modified_gmt":"2024-01-13T01:29:58","slug":"el-ejercito-lleva-el-control-del-pais-no-el-presidente","status":"publish","type":"post","link":"https:\/\/zonaroja.com.mx\/?p=64178","title":{"rendered":"\u201cEl Ej\u00e9rcito lleva el control del pa\u00eds, no el Presidente\u201d"},"content":{"rendered":"\n<p>Redacci\u00f3n\/Zona Roja Cdmx.<\/p>\n\n\n\n<p>Ciudad de M\u00e9xico, a 12 de enero de 2024.- Los padres y madres de los 43 normalistas de Ayotzinapa desaparecidos en 2014 se levantaron ayer de la mesa de di\u00e1logo con el gobierno al que acusaron de mentiroso, tramposo, vil, no tener escr\u00fapulos, ser opaco y estar sometido por el Ej\u00e9rcito.<\/p>\n\n\n\n<p>\u201cAunque le duela al Presidente, son iguales que los de antes. Me queda claro que el Ej\u00e9rcito lleva el control del pa\u00eds, no el Presidente. Lo manejan\u201d, acusaron los padres y madres en conferencia en la que insistieron en acceder a 800 documentos de la Sedena.<\/p>\n\n\n\n<p>Sus palabras se dieron luego de que, por la ma\u00f1ana, Andr\u00e9s Manuel L\u00f3pez Obrador habl\u00f3 del caso y se refiri\u00f3 a la insistencia de madres y padres por abrir los archivos del Ej\u00e9rcito.<\/p>\n\n\n\n<p>\u201cNo tenemos nada que esconder, pero parece que no quieren que se avance los que han manejado esto y a lo mejor gente en el extranjero\u201d, dijo L\u00f3pez Obrador y revel\u00f3 que los padres pidieron que ya no hable del caso en las ma\u00f1aneras y una integrante del GIEI pidi\u00f3 retrasar nueve meses la captura del exprocurador Jes\u00fas Murillo Karam.<\/p>\n\n\n\n<p>\u201c\u00bfQu\u00e9 quieren? \u00bfQu\u00e9 buscan? \u00bfQue nunca sepamos nada? \u00bfQue no se detenga a nadie? \u00bfQue me tengan a m\u00ed como reh\u00e9n? No, yo siempre he luchado por la defensa de los derechos humanos y por la justicia y no soy reh\u00e9n de nadie\u201d, refiri\u00f3 L\u00f3pez Obrador.<\/p>\n\n\n\n<p>M\u00e1s tarde, al mediod\u00eda, los padres de los normalistas acudieron a la reuni\u00f3n que ten\u00edan agendada con la Comisi\u00f3n para la Verdad y la Justicia del Caso Ayotzinapa. A su llegada ya estaban en el lugar otros padres disidentes a su movimiento.<\/p>\n\n\n\n<p>Ello les molest\u00f3, pues interpretaron la acci\u00f3n como una maniobra del gobierno para dividir m\u00e1s su movimiento y confrontar a los padres, y con ello justificar la inacci\u00f3n y opacidad en que han incurrido.<\/p>\n\n\n\n<p>Recordaron que tres o cuatro padres no est\u00e1n con el resto, ya que su inter\u00e9s es otro, como defender a los perpetradores de la desaparici\u00f3n (pues participaron en una marcha por la libertad de Jos\u00e9 Luis Abarca) y un pago econ\u00f3mico, por lo que exigieron atender a ambos grupos por separado.<\/p>\n\n\n\n<p>\u201cNosotros no buscamos dinero, buscamos verdad y justicia\u201d, dijeron. \u201cPensamos que se iba a dar un cambio, pero vemos que es el mismo modus operandi del gobierno anterior, querer separarnos. Es un gobierno tramposo y sin escr\u00fapulos, diciendo pura barbaridad de nuestros representantes. No estamos en contra de ning\u00fan padre o madre, sino de la forma vil de como actu\u00f3 Gobernaci\u00f3n\u201d, remataron.<\/p>\n\n\n\n<p>(Informaci\u00f3n de \u201cEl Financiero\u201d)<\/p>\n","protected":false},"excerpt":{"rendered":"<p>Redacci\u00f3n\/Zona Roja Cdmx. Ciudad de M\u00e9xico, a 12 de enero de 2024.- Los padres y&hellip;<\/p>\n","protected":false},"author":2,"featured_media":60186,"comment_status":"closed","ping_status":"open","sticky":false,"template":"","format":"standard","meta":{"_lmt_disableupdate":"","_lmt_disable":"","_jetpack_memberships_contains_paid_content":false,"footnotes":""},"categories":[109,47],"tags":[1816],"class_list":["post-64178","post","type-post","status-publish","format-standard","has-post-thumbnail","hentry","category-minuto-a-minuto","category-zona-gris","tag-43-desaparecidos-ayotzinapa"],"jetpack_featured_media_url":"https:\/\/zonaroja.com.mx\/wp-content\/uploads\/2023\/09\/Desaparecidos-43-Ayotzinapa.webp","jetpack_sharing_enabled":true,"_links":{"self":[{"href":"https:\/\/zonaroja.com.mx\/index.php?rest_route=\/wp\/v2\/posts\/64178","targetHints":{"allow":["GET"]}}],"collection":[{"href":"https:\/\/zonaroja.com.mx\/index.php?rest_route=\/wp\/v2\/posts"}],"about":[{"href":"https:\/\/zonaroja.com.mx\/index.php?rest_route=\/wp\/v2\/types\/post"}],"author":[{"embeddable":true,"href":"https:\/\/zonaroja.com.mx\/index.php?rest_route=\/wp\/v2\/users\/2"}],"replies":[{"embeddable":true,"href":"https:\/\/zonaroja.com.mx\/index.php?rest_route=%2Fwp%2Fv2%2Fcomments&post=64178"}],"version-history":[{"count":1,"href":"https:\/\/zonaroja.com.mx\/index.php?rest_route=\/wp\/v2\/posts\/64178\/revisions"}],"predecessor-version":[{"id":64179,"href":"https:\/\/zonaroja.com.mx\/index.php?rest_route=\/wp\/v2\/posts\/64178\/revisions\/64179"}],"wp:featuredmedia":[{"embeddable":true,"href":"https:\/\/zonaroja.com.mx\/index.php?rest_route=\/wp\/v2\/media\/60186"}],"wp:attachment":[{"href":"https:\/\/zonaroja.com.mx\/index.php?rest_route=%2Fwp%2Fv2%2Fmedia&parent=64178"}],"wp:term":[{"taxonomy":"category","embeddable":true,"href":"https:\/\/zonaroja.com.mx\/index.php?rest_route=%2Fwp%2Fv2%2Fcategories&post=64178"},{"taxonomy":"post_tag","embeddable":true,"href":"https:\/\/zonaroja.com.mx\/index.php?rest_route=%2Fwp%2Fv2%2Ftags&post=64178"}],"curies":[{"name":"wp","href":"https:\/\/api.w.org\/{rel}","templated":true}]}}