{"id":6418,"date":"2019-12-06T12:10:41","date_gmt":"2019-12-06T18:10:41","guid":{"rendered":"https:\/\/www.zonaroja.com.mx\/?p=6418"},"modified":"2019-12-06T12:10:42","modified_gmt":"2019-12-06T18:10:42","slug":"mientras-en-oaxaca-les-niegan-dialogo-y-justicia-en-cdmx-yaitepec-consigue-atencion-en-segob","status":"publish","type":"post","link":"https:\/\/zonaroja.com.mx\/?p=6418","title":{"rendered":"Mientras en Oaxaca les niegan di\u00e1logo y justicia, en Cdmx Yaitepec consigue atenci\u00f3n en Segob"},"content":{"rendered":"\n<p class=\"p1\">Redacci\u00f3n\/Zona Roja.<\/p>\n\n\n\n<p class=\"p1\">Oaxaca de Ju\u00e1rez, Oax., 6 de diciembre de 2019.- Habitantes de Santiago&nbsp; Yaitepec se manifestaron hoy a las afueras de&nbsp;<a href=\"\/\/1\">Palacio Nacional en la Ciudad de M\u00e9xico<\/a>,&nbsp;para exigir audiencia con el Presidente de la Rep\u00fablica, Andr\u00e9s Manuel L\u00f3pez Obrador, a fin de demandar justicia luego del desalojo violento del que fueron v\u00edctimas el pasado 30 de noviembre y 1 de diciembre.<\/p>\n\n\n\n<p class=\"p1\">Con mantas y pancartas en mano, las y los habitantes de la localidad chatina llegaron a la capital del pa\u00eds desde ayer, portando su traje regional y exigiendo la intervenci\u00f3n del gobierno federal en el conflicto agrario que viven con sus vecinos de Santa Catarina Juquila desde hace d\u00e9cadas.<\/p>\n\n\n\n<p class=\"p1\">Tras la protesta, una comisi\u00f3n fue atendida por personal de la Secretar\u00eda de Gobernaci\u00f3n (Segob), que les asegur\u00f3 que ser\u00e1n recibidos por Olga S\u00e1nchez Cordero, titular de la instancia, para escuchar sus demandas y generar las rutas para su atenci\u00f3n.<\/p>\n\n\n\n<p class=\"p1\">Lo anterior luego de iniciar su actividad denominada Caravana por la Paz y la Defensa de la Tierra de Santiago Yaitepec, con la cual acudieron ayer ante la Comisi\u00f3n Nacional de Derechos Humanos (CNDH) para solicitar el respaldo para la poblaci\u00f3n afectada por el conflicto en la zona de \u201cEl Pedimento\u201d.&nbsp;<\/p>\n\n\n\n<p class=\"p1\">De acuerdo con la informaci\u00f3n difundida por habitantes de Yaitepec,&nbsp;<a href=\"\/\/3\">este jueves<\/a>&nbsp;se reunieron con la directora general de la Cuarta Visitadur\u00eda de la CNDH, en la que se estableci\u00f3 el compromiso de otorgar las medidas cautelares en favor quienes integran las autoridades comunales y abogados de la localidad que han sido amenazados presuntamente por habitantes de Juquila.<\/p>\n\n\n\n<p class=\"p1\">La instancia protectora de los Derechos Humanos en M\u00e9xico se comprometi\u00f3 a instalar una mesa de di\u00e1logo con el gobierno de Oaxaca, despu\u00e9s del once de diciembre con el acompa\u00f1amiento de la instancia nacional para llegar a una soluci\u00f3n pac\u00edfica entre las localidades en conflicto.<\/p>\n\n\n\n<p class=\"p1\">As\u00ed mismo fueron recibidos por la titular de la CNDH, Rosario Piedra Ibarra, quien ratific\u00f3 los compromisos anteriores, a la par que garantiz\u00f3 darle seguimiento&nbsp; personalizado a la problem\u00e1tica a fin de lograr acuerdo pac\u00edficos y en beneficio de las y los habitantes de la zona.<\/p>\n\n\n\n<p class=\"p1\">El pasado s\u00e1bado 30 de noviembre, personal de la Polic\u00eda Estatal y de la Guardia Nacional arrib\u00f3 a la zona chatina para realizar un desalojo en la zona de \u201cEl Pedimento\u201d, el cual dej\u00f3 como saldo una persona fallecida y personas afectadas por el uso excesivo de la fuerza, esto de acuerdo con las y los habitantes de Yaitepec, aunque las autoridades estatales negaron lo anterior.<\/p>\n\n\n\n<p class=\"p2\">El domingo 1 de diciembre, las fuerzas de seguridad implementaron otro operativo de desalojo en el Paraje R\u00edo Manteca.&nbsp;<\/p>\n","protected":false},"excerpt":{"rendered":"<p>Redacci\u00f3n\/Zona Roja. Oaxaca de Ju\u00e1rez, Oax., 6 de diciembre de 2019.- Habitantes de Santiago&nbsp; Yaitepec&hellip;<\/p>\n","protected":false},"author":2,"featured_media":6417,"comment_status":"closed","ping_status":"open","sticky":false,"template":"","format":"standard","meta":{"_lmt_disableupdate":"","_lmt_disable":"","_jetpack_memberships_contains_paid_content":false,"footnotes":""},"categories":[109,47],"tags":[556,546],"class_list":["post-6418","post","type-post","status-publish","format-standard","has-post-thumbnail","hentry","category-minuto-a-minuto","category-zona-gris","tag-conflicto-yaitepec-juquila","tag-santiago-yaitepec"],"jetpack_featured_media_url":"https:\/\/zonaroja.com.mx\/wp-content\/uploads\/2019\/12\/97609572-1eff-42fb-ab4e-8f247ef655d1.jpg","jetpack_sharing_enabled":true,"_links":{"self":[{"href":"https:\/\/zonaroja.com.mx\/index.php?rest_route=\/wp\/v2\/posts\/6418","targetHints":{"allow":["GET"]}}],"collection":[{"href":"https:\/\/zonaroja.com.mx\/index.php?rest_route=\/wp\/v2\/posts"}],"about":[{"href":"https:\/\/zonaroja.com.mx\/index.php?rest_route=\/wp\/v2\/types\/post"}],"author":[{"embeddable":true,"href":"https:\/\/zonaroja.com.mx\/index.php?rest_route=\/wp\/v2\/users\/2"}],"replies":[{"embeddable":true,"href":"https:\/\/zonaroja.com.mx\/index.php?rest_route=%2Fwp%2Fv2%2Fcomments&post=6418"}],"version-history":[{"count":1,"href":"https:\/\/zonaroja.com.mx\/index.php?rest_route=\/wp\/v2\/posts\/6418\/revisions"}],"predecessor-version":[{"id":6419,"href":"https:\/\/zonaroja.com.mx\/index.php?rest_route=\/wp\/v2\/posts\/6418\/revisions\/6419"}],"wp:featuredmedia":[{"embeddable":true,"href":"https:\/\/zonaroja.com.mx\/index.php?rest_route=\/wp\/v2\/media\/6417"}],"wp:attachment":[{"href":"https:\/\/zonaroja.com.mx\/index.php?rest_route=%2Fwp%2Fv2%2Fmedia&parent=6418"}],"wp:term":[{"taxonomy":"category","embeddable":true,"href":"https:\/\/zonaroja.com.mx\/index.php?rest_route=%2Fwp%2Fv2%2Fcategories&post=6418"},{"taxonomy":"post_tag","embeddable":true,"href":"https:\/\/zonaroja.com.mx\/index.php?rest_route=%2Fwp%2Fv2%2Ftags&post=6418"}],"curies":[{"name":"wp","href":"https:\/\/api.w.org\/{rel}","templated":true}]}}