{"id":64183,"date":"2024-01-13T07:50:00","date_gmt":"2024-01-13T13:50:00","guid":{"rendered":"http:\/\/www.zonaroja.com.mx\/?p=64183"},"modified":"2024-01-13T06:38:04","modified_gmt":"2024-01-13T12:38:04","slug":"hallan-casi-20-cuerpos-en-zacatecas-por-homicidios-y-en-fosas-clandestinas","status":"publish","type":"post","link":"https:\/\/zonaroja.com.mx\/?p=64183","title":{"rendered":"Hallan casi 20 cuerpos en Zacatecas, por homicidios y en fosas clandestinas"},"content":{"rendered":"\n<p>Redacci\u00f3n\/Zona Roja Cdmx. Foto: El Sol de Durango.<\/p>\n\n\n\n<p>Ciudad de M\u00e9xico, a 13 de enero de 2024.- Tras un enfrentamiento entre grupos del crimen organizado en la comunidad de Emiliano Zapata, autoridades de Zacatecas localizaron los cuerpos de ocho personas fallecidas.<\/p>\n\n\n\n<p>En un comunicado, el Ministerio P\u00fablico local precis\u00f3 que todos los cuerpos localizados son de hombres y uno de ellos ya fue identificado por sus familiares, mismo que est\u00e1 pr\u00f3ximo a ser entregado a los dolientes.<\/p>\n\n\n\n<p>Sin dar detalles de lo ocurrido o bien si hay una l\u00ednea de investigaci\u00f3n por el enfrentamiento, la Fiscal\u00eda de Zacatecas apunt\u00f3 que en el lugar fueron encontrados casquillos de diferentes calibres de arma de fuego, equipo y ropa t\u00e1ctica.<\/p>\n\n\n\n<p>De acuerdo con las autoridades ministeriales, los cuerpos fueron levantados y trasladados al servicio m\u00e9dico forense para su procesamiento.<\/p>\n\n\n\n<p>\u201cEn este momento se est\u00e1n realizando los estudios forenses pertinentes para determinar la causa de muerte, as\u00ed como las caracter\u00edsticas individualizantes que permitan su pronta identificaci\u00f3n\u201d, se lee en el comunicado.<\/p>\n\n\n\n<p>La Fiscal\u00eda detall\u00f3 que conforme se vaya avanzando en las investigaciones se ir\u00e1n dando a conocer los detalles de las otras personas halladas sin vida.<\/p>\n\n\n\n<p>En el municipio de Villanueva se ha reportado la presencia del C\u00e1rtel Jalisco Nueva Generaci\u00f3n (CJNG) que comanda Nemesio Oseguera Cervantes, alias \u201cEl Mencho\u201d, l\u00edder del tambi\u00e9n conocido como c\u00e1rtel de las \u201ccuatro letras\u201d.<\/p>\n\n\n\n<p>En la entidad tambi\u00e9n opera el C\u00e1rtel de Sinaloa que desde hace algunos a\u00f1os se disputa el territorio con el CJNG.<\/p>\n\n\n\n<p>En tanto, reportes del gobierno federal revelaron que el C\u00e1rtel del Golfo opera en la entidad, al parecer, en una alianza con el CJNG.<\/p>\n\n\n\n<p>Durante la conferencia de prensa matutina del presidente Andr\u00e9s Manuel L\u00f3pez Obrador del 20 de junio del 2022, el secretario de la Defensa Nacional (Sedena), general Luis Crescencio Sandoval inform\u00f3 sobre la detenci\u00f3n de un integrante que form\u00f3 parte de esta alianza.<\/p>\n\n\n\n<p>\u201cSe detuvo a un jefe regional de la alianza C\u00e1rtel del Golfo con el C\u00e1rtel Jalisco Nueva Generaci\u00f3n que opera en Zacatecas\u201d, afirm\u00f3 el secretario de la Sedena.<\/p>\n\n\n\n<p>OTROS 10 EN FOSAS<\/p>\n\n\n\n<p>El hallazgo se suman a los diez cuerpos localizados en una fosa clandestina en el municipio de Luis Moya.<\/p>\n\n\n\n<p>La Fiscal\u00eda de Zacatecas inform\u00f3 que el pasado 10 de enero se desarroll\u00f3 una brigada de b\u00fasqueda conformada por un grupo multidisciplinario en los municipios de Ojocaliente, Cuauht\u00e9moc, Genaro Codina y Luis Moya.<\/p>\n\n\n\n<p>En este operativo de b\u00fasqueda tambi\u00e9n participaron integrantes de diferentes colectivos de personas desaparecidas de Zacatecas quienes junto con las autoridades localizaron una zona de inhumaci\u00f3n irregular en inmediaciones del municipio antes mencionado.<\/p>\n\n\n\n<p>\u201cDel procesamiento del lugar, fue posible la extracci\u00f3n de 10 v\u00edctimas en distintos estado de conservaci\u00f3n, algunos de estos, en reducci\u00f3n esquel\u00e9tica\u201d, indica el comunicado del Ministerio P\u00fablico local que apunt\u00f3 que el personal especializado se encuentra realizando los estudios y an\u00e1lisis pertinentes que lleven la pronta identificaci\u00f3n de los cuerpos localizados y que sean entregados a sus familiares.<\/p>\n\n\n\n<p>(Informaci\u00f3n de Infobae M\u00e9xico)<\/p>\n","protected":false},"excerpt":{"rendered":"<p>Redacci\u00f3n\/Zona Roja Cdmx. Foto: El Sol de Durango. Ciudad de M\u00e9xico, a 13 de enero&hellip;<\/p>\n","protected":false},"author":2,"featured_media":64184,"comment_status":"closed","ping_status":"open","sticky":false,"template":"","format":"standard","meta":{"_lmt_disableupdate":"","_lmt_disable":"","_jetpack_memberships_contains_paid_content":false,"footnotes":""},"categories":[109,47],"tags":[1794],"class_list":["post-64183","post","type-post","status-publish","format-standard","has-post-thumbnail","hentry","category-minuto-a-minuto","category-zona-gris","tag-zacatecas"],"jetpack_featured_media_url":"https:\/\/zonaroja.com.mx\/wp-content\/uploads\/2024\/01\/Crimen-violencia-escena.jpeg","jetpack_sharing_enabled":true,"_links":{"self":[{"href":"https:\/\/zonaroja.com.mx\/index.php?rest_route=\/wp\/v2\/posts\/64183","targetHints":{"allow":["GET"]}}],"collection":[{"href":"https:\/\/zonaroja.com.mx\/index.php?rest_route=\/wp\/v2\/posts"}],"about":[{"href":"https:\/\/zonaroja.com.mx\/index.php?rest_route=\/wp\/v2\/types\/post"}],"author":[{"embeddable":true,"href":"https:\/\/zonaroja.com.mx\/index.php?rest_route=\/wp\/v2\/users\/2"}],"replies":[{"embeddable":true,"href":"https:\/\/zonaroja.com.mx\/index.php?rest_route=%2Fwp%2Fv2%2Fcomments&post=64183"}],"version-history":[{"count":1,"href":"https:\/\/zonaroja.com.mx\/index.php?rest_route=\/wp\/v2\/posts\/64183\/revisions"}],"predecessor-version":[{"id":64185,"href":"https:\/\/zonaroja.com.mx\/index.php?rest_route=\/wp\/v2\/posts\/64183\/revisions\/64185"}],"wp:featuredmedia":[{"embeddable":true,"href":"https:\/\/zonaroja.com.mx\/index.php?rest_route=\/wp\/v2\/media\/64184"}],"wp:attachment":[{"href":"https:\/\/zonaroja.com.mx\/index.php?rest_route=%2Fwp%2Fv2%2Fmedia&parent=64183"}],"wp:term":[{"taxonomy":"category","embeddable":true,"href":"https:\/\/zonaroja.com.mx\/index.php?rest_route=%2Fwp%2Fv2%2Fcategories&post=64183"},{"taxonomy":"post_tag","embeddable":true,"href":"https:\/\/zonaroja.com.mx\/index.php?rest_route=%2Fwp%2Fv2%2Ftags&post=64183"}],"curies":[{"name":"wp","href":"https:\/\/api.w.org\/{rel}","templated":true}]}}