{"id":64188,"date":"2024-01-13T10:00:00","date_gmt":"2024-01-13T16:00:00","guid":{"rendered":"http:\/\/www.zonaroja.com.mx\/?p=64188"},"modified":"2024-01-13T07:19:23","modified_gmt":"2024-01-13T13:19:23","slug":"mantienen-19-fichas-activas-de-personas-desaparecidas-en-oaxaca-en-enero","status":"publish","type":"post","link":"https:\/\/zonaroja.com.mx\/?p=64188","title":{"rendered":"Mantienen 19 fichas activas de personas desaparecidas en Oaxaca, en enero"},"content":{"rendered":"\n<p>Yuridiana Sosa\/Zona Roja.<\/p>\n\n\n\n<p>Oaxaca de Ju\u00e1rez, Oax., 13 de enero de 2024.- La Unidad de B\u00fasqueda de Personas Desaparecidas y No Localizadas, de la Fiscal\u00eda General de Oaxaca, mantiene activas 19 fichas de b\u00fasquedas de 19 personas, seis de ellas son mujeres, y de las cuales la mitad son menores de edad.<\/p>\n\n\n\n<p>En el m\u00e1s reciente caso, la autoridad activ\u00f3 la Alerta Amber para localizar a la menor &nbsp;Esbeydi Coral P\u00e9rez Carre\u00f1o, de 14 a\u00f1os de edad, quien desapareci\u00f3 el pasado 6 de enero en Barra Copalita de San Miguel del Puerto.<\/p>\n\n\n\n<p>Mar\u00eda Rosa Guerra Montoya, de 51 a\u00f1os, fue vista por \u00faltima vez el 9 de enero en la colonia Llano Verde, de Santa Cruz Amilpas; Clarisa Campos Moreno, de 15 a\u00f1os, desapareci\u00f3 el 7 de enero tras ser vista en comunidad de La Reforma, en el municipio de Tuxtepec.<\/p>\n\n\n\n<p>Mientras que Ana Mar\u00eda Alejandro Lorenzo, de 11 a\u00f1os, fue vista por \u00faltima vez el 8 de enero en el municipio de San Felipe Usila.<\/p>\n\n\n\n<p>Lucila Mart\u00ednez Mart\u00ednez, de 37 a\u00f1os, desapareci\u00f3 desde el 28 de diciembre en San Bartolo Coyotepec, pero su ficha difundida en enero, al igual que Graciela Santiago Cortez, de 19 a\u00f1os, quien fue vista por \u00faltima vez el d\u00eda 31 de diciembre en Ejutla de Crespo, y para quien activaron la \u201cAlerta rosa\u201d.<\/p>\n\n\n\n<p>VARONES<\/p>\n\n\n\n<p>Las autoridades estatales y familiares piden la ayuda de la poblaci\u00f3n para localizar a Jos\u00e9 Urbano Olivera Rosales, de 38 a\u00f1os, quien desapareci\u00f3 el 11 de enero en San Pedro Tapanatepec.<\/p>\n\n\n\n<p>Joshua Saith Alcantara Contreras, de 21 a\u00f1os, fue visto por \u00faltima vez el 5 de enero en el Centro de Ocotl\u00e1n de Morelos; Carlos Iv\u00e1n L\u00f3pez S\u00e1nchez, de 15 a\u00f1os, no es visto desde el pasado 7 de enero luego de estar en el Barrio Centro de Copalita en San Miguel del Puerto.<\/p>\n\n\n\n<p>Mientras que Ricardo L\u00f3pez Basurto, de 46 A\u00f1os fue visto por \u00faltima vez el 9 de enero&nbsp; en el Centro de Huajuapan de Le\u00f3n; Cristian Dom\u00ednguez Mej\u00eda, de 15 a\u00f1os, el 7 de enero en la comunidad de La Reforma, en Tuxtepec; Jos\u00e9 Luis Cruz Santos, de 44 a\u00f1os, fue visto por \u00faltima vez el 4 de enero en Juchit\u00e1n de Zaragoza.<\/p>\n\n\n\n<p>Rodolfo Mar\u00edn Garc\u00eda, de 17 a\u00f1os, no es localizado desde el 9 de diciembre luego ser visto en avenida de Los Constituyentes, colonia Centro, de Huautla de Jim\u00e9nez; Juan Carlos Hern\u00e1ndez Hern\u00e1ndez, de 28 a\u00f1os, desde el 6 de diciembre en la calle de Galeana, en la capital del estado.<\/p>\n\n\n\n<p>En enero tambi\u00e9n se dieron a conocer los casos de Kevin De Jes\u00fas Arreola Ram\u00edrez, de 23 a\u00f1os, visto por \u00faltima vez el 15 de diciembre en Esquipulas de Santa Cruz Xoxocotl\u00e1n;<\/p>\n\n\n\n<p>German Ali Hern\u00e1ndez Cruz, de 34 a\u00f1os, desapareci\u00f3 el 29 de mayo de 2023 en Santo Domingo Tlaltinango, Suchilquitongo, Oaxaca.<\/p>\n\n\n\n<p>As\u00ed como se busca a Eduardo Matus Cruz, de 30 a\u00f1os, visto por \u00faltima vez el 21 de diciembre de 2023, en Santos Reyes Nopala;&nbsp; a F\u00e9lix L\u00f3pez Ram\u00edrez, de 57 a\u00f1os, desaparecido desde el 16 de diciembre en el Paraje Arroyo de las Margaritas, comunidad de La Noria Secci\u00f3n 13, de Ejutla de Crespo; as\u00ed como a V\u00edctor Manuel Carre\u00f1o Cruz, de 48 a\u00f1os, visto por \u00faltima vez el 10 de septiembre de 2023, en la colonia Barrio Nuevo de Salina Cruz.<\/p>\n","protected":false},"excerpt":{"rendered":"<p>Yuridiana Sosa\/Zona Roja. Oaxaca de Ju\u00e1rez, Oax., 13 de enero de 2024.- La Unidad de&hellip;<\/p>\n","protected":false},"author":2,"featured_media":64189,"comment_status":"closed","ping_status":"open","sticky":false,"template":"","format":"standard","meta":{"_lmt_disableupdate":"","_lmt_disable":"","_jetpack_memberships_contains_paid_content":false,"footnotes":""},"categories":[109,47],"tags":[642],"class_list":["post-64188","post","type-post","status-publish","format-standard","has-post-thumbnail","hentry","category-minuto-a-minuto","category-zona-gris","tag-personas-desaparecidas-oaxaca"],"jetpack_featured_media_url":"https:\/\/zonaroja.com.mx\/wp-content\/uploads\/2024\/01\/Personas-desaparecidas-en-Oaxaca.jpg","jetpack_sharing_enabled":true,"_links":{"self":[{"href":"https:\/\/zonaroja.com.mx\/index.php?rest_route=\/wp\/v2\/posts\/64188","targetHints":{"allow":["GET"]}}],"collection":[{"href":"https:\/\/zonaroja.com.mx\/index.php?rest_route=\/wp\/v2\/posts"}],"about":[{"href":"https:\/\/zonaroja.com.mx\/index.php?rest_route=\/wp\/v2\/types\/post"}],"author":[{"embeddable":true,"href":"https:\/\/zonaroja.com.mx\/index.php?rest_route=\/wp\/v2\/users\/2"}],"replies":[{"embeddable":true,"href":"https:\/\/zonaroja.com.mx\/index.php?rest_route=%2Fwp%2Fv2%2Fcomments&post=64188"}],"version-history":[{"count":1,"href":"https:\/\/zonaroja.com.mx\/index.php?rest_route=\/wp\/v2\/posts\/64188\/revisions"}],"predecessor-version":[{"id":64190,"href":"https:\/\/zonaroja.com.mx\/index.php?rest_route=\/wp\/v2\/posts\/64188\/revisions\/64190"}],"wp:featuredmedia":[{"embeddable":true,"href":"https:\/\/zonaroja.com.mx\/index.php?rest_route=\/wp\/v2\/media\/64189"}],"wp:attachment":[{"href":"https:\/\/zonaroja.com.mx\/index.php?rest_route=%2Fwp%2Fv2%2Fmedia&parent=64188"}],"wp:term":[{"taxonomy":"category","embeddable":true,"href":"https:\/\/zonaroja.com.mx\/index.php?rest_route=%2Fwp%2Fv2%2Fcategories&post=64188"},{"taxonomy":"post_tag","embeddable":true,"href":"https:\/\/zonaroja.com.mx\/index.php?rest_route=%2Fwp%2Fv2%2Ftags&post=64188"}],"curies":[{"name":"wp","href":"https:\/\/api.w.org\/{rel}","templated":true}]}}