{"id":64191,"date":"2024-01-13T11:00:00","date_gmt":"2024-01-13T17:00:00","guid":{"rendered":"http:\/\/www.zonaroja.com.mx\/?p=64191"},"modified":"2024-01-13T07:26:21","modified_gmt":"2024-01-13T13:26:21","slug":"lopez-obrador-violo-ley-electoral-tepjf-tambien-sanciona-a-xochitl-galvez","status":"publish","type":"post","link":"https:\/\/zonaroja.com.mx\/?p=64191","title":{"rendered":"L\u00f3pez Obrador viol\u00f3 ley electoral: TEPJF; tambi\u00e9n sanciona a X\u00f3chitl G\u00e1lvez"},"content":{"rendered":"\n<p>Redacci\u00f3n\/Zona Roja Cdmx.<\/p>\n\n\n\n<p>Ciudad de M\u00e9xico, a 13 de enero de 2024.- La Sala Especializada del Tribunal Electoral del Poder Judicial de la Federaci\u00f3n (TEPJF) determin\u00f3 que el Presidente Andr\u00e9s Manuel L\u00f3pez Obrador vulner\u00f3 la contienda del pr\u00f3ximo 2 de junio y mult\u00f3 a la precandidata presidencial X\u00f3chitl G\u00e1lvez.<\/p>\n\n\n\n<p>Los magistrados se\u00f1alaron que L\u00f3pez Obrador incurri\u00f3 en promoci\u00f3n personalizada, uso indebido de recursos p\u00fablicos y vulner\u00f3 los principios de equidad y neutralidad de la contienda, durante su discurso con motivo del quinto aniversario de su triunfo electoral, pero determinaron que no incurri\u00f3 en actos anticipados de precampa\u00f1a y campa\u00f1a.<\/p>\n\n\n\n<p>Asimismo avalaron una multa por 10 mil 374 pesos en contra de la precandidata presidencial de la coalici\u00f3n \u201cFuerza y Coraz\u00f3n por M\u00e9xico\u201d, X\u00f3chitl G\u00e1lvez, por vulneraci\u00f3n a las reglas de propaganda pol\u00edtico electoral al transgredir el inter\u00e9s superior de ni\u00f1as, ni\u00f1os y adolescentes, con una publicaci\u00f3n en la que aparec\u00edan menores sin rostros difuminadas y sin contar con el aval de sus tutores.<\/p>\n\n\n\n<p>AMLO OTRA VEZ<\/p>\n\n\n\n<p>Los magistrados se\u00f1alaron que durante el evento realizado el 1 de julio del 2023, no hubo expresiones en las que solicitara el voto a la ciudadan\u00eda en favor o en contra de personas que aspiren a un cargo de elecci\u00f3n popular, sin embargo, estimaron que el Presidente contrast\u00f3 el ejercicio de la administraci\u00f3n p\u00fablica que encabeza con aquellas de periodos anteriores para generar aceptaci\u00f3n.<\/p>\n\n\n\n<p>\u201cAsoci\u00f3 los logros, acciones y promesas gubernamentales en lo individual, con la finalidad de generar adhesi\u00f3n o aceptaci\u00f3n de la ciudadan\u00eda y empleo sistem\u00e1ticamente, la conjugaci\u00f3n de versos en primera persona del plural y en primera persona del singular\u201d, se\u00f1alaron.<\/p>\n\n\n\n<p>Respecto al uso indebido de recursos p\u00fablicos, la Sala Especializada concluy\u00f3 que para la organizaci\u00f3n, desarrollo y funci\u00f3n del evento denunciado, se emplearon recursos financieros, humanos y materiales.<\/p>\n\n\n\n<p>Sobre la vulneraci\u00f3n de los principios de neutralidad, equidad e imparcialidad de la contienda, los magistrados destacaron que el Ejecutivo Federal realiz\u00f3 una serie de descalificaciones en torno \u201ca fuerzas pol\u00edticas opuestas\u201d a las que le llevaron a su triunfo electoral.<\/p>\n\n\n\n<p>TAMBI\u00c9N X\u00d3CHITL<\/p>\n\n\n\n<p>La Sala Especializada del Tribunal Electoral tambi\u00e9n aval\u00f3 una multa por 10 mil 374 pesos en contra de la precandidata presidencial de la coalici\u00f3n \u201cFuerza y Coraz\u00f3n por M\u00e9xico\u201d, X\u00f3chitl G\u00e1lvez, por la vulneraci\u00f3n a las reglas de propaganda pol\u00edtico electoral al transgredir el inter\u00e9s superior de ni\u00f1as, ni\u00f1os y adolescentes.<\/p>\n\n\n\n<p>\u201cY dado que la difusi\u00f3n se hizo en su car\u00e1cter de persona inscrita en el proceso pol\u00edtico del Frente Amplio por M\u00e9xico (FAM), se plantea la infracci\u00f3n de la denunciada como grave ordinaria e imponerle una multa consistente en 100 UMAS, que equivale a 10,374 pesos\u201d, concluy\u00f3.<\/p>\n\n\n\n<p>En sesi\u00f3n p\u00fablica, tambi\u00e9n aprob\u00f3 una multa en lo individual, por 41,496 pesos para el PAN, PRI y PRD, debido a que incumplieron con su deber de cuidado del material que difundi\u00f3 G\u00e1lvez Ruiz, ya que las publicaciones infractoras tienen relaci\u00f3n con la convocatoria que emiti\u00f3 el Frente para elegir a la persona responsable de la construcci\u00f3n de esa coalici\u00f3n.<\/p>\n\n\n\n<p>(Informaci\u00f3n de \u201cExpansi\u00f3n Pol\u00edtica\u201d)<\/p>\n","protected":false},"excerpt":{"rendered":"<p>Redacci\u00f3n\/Zona Roja Cdmx. Ciudad de M\u00e9xico, a 13 de enero de 2024.- La Sala Especializada&hellip;<\/p>\n","protected":false},"author":2,"featured_media":64192,"comment_status":"closed","ping_status":"open","sticky":false,"template":"","format":"standard","meta":{"_lmt_disableupdate":"","_lmt_disable":"","_jetpack_memberships_contains_paid_content":false,"footnotes":""},"categories":[109,47],"tags":[143,3601],"class_list":["post-64191","post","type-post","status-publish","format-standard","has-post-thumbnail","hentry","category-minuto-a-minuto","category-zona-gris","tag-andres-manuel-lopez-obrador","tag-xochitl-galvez-ruiz"],"jetpack_featured_media_url":"https:\/\/zonaroja.com.mx\/wp-content\/uploads\/2024\/01\/Lopez-Obrador-y-Xochitl-Galvez.webp","jetpack_sharing_enabled":true,"_links":{"self":[{"href":"https:\/\/zonaroja.com.mx\/index.php?rest_route=\/wp\/v2\/posts\/64191","targetHints":{"allow":["GET"]}}],"collection":[{"href":"https:\/\/zonaroja.com.mx\/index.php?rest_route=\/wp\/v2\/posts"}],"about":[{"href":"https:\/\/zonaroja.com.mx\/index.php?rest_route=\/wp\/v2\/types\/post"}],"author":[{"embeddable":true,"href":"https:\/\/zonaroja.com.mx\/index.php?rest_route=\/wp\/v2\/users\/2"}],"replies":[{"embeddable":true,"href":"https:\/\/zonaroja.com.mx\/index.php?rest_route=%2Fwp%2Fv2%2Fcomments&post=64191"}],"version-history":[{"count":1,"href":"https:\/\/zonaroja.com.mx\/index.php?rest_route=\/wp\/v2\/posts\/64191\/revisions"}],"predecessor-version":[{"id":64193,"href":"https:\/\/zonaroja.com.mx\/index.php?rest_route=\/wp\/v2\/posts\/64191\/revisions\/64193"}],"wp:featuredmedia":[{"embeddable":true,"href":"https:\/\/zonaroja.com.mx\/index.php?rest_route=\/wp\/v2\/media\/64192"}],"wp:attachment":[{"href":"https:\/\/zonaroja.com.mx\/index.php?rest_route=%2Fwp%2Fv2%2Fmedia&parent=64191"}],"wp:term":[{"taxonomy":"category","embeddable":true,"href":"https:\/\/zonaroja.com.mx\/index.php?rest_route=%2Fwp%2Fv2%2Fcategories&post=64191"},{"taxonomy":"post_tag","embeddable":true,"href":"https:\/\/zonaroja.com.mx\/index.php?rest_route=%2Fwp%2Fv2%2Ftags&post=64191"}],"curies":[{"name":"wp","href":"https:\/\/api.w.org\/{rel}","templated":true}]}}