{"id":64202,"date":"2024-01-13T14:52:00","date_gmt":"2024-01-13T20:52:00","guid":{"rendered":"http:\/\/www.zonaroja.com.mx\/?p=64202"},"modified":"2024-01-13T07:56:42","modified_gmt":"2024-01-13T13:56:42","slug":"denuncian-activistas-que-gobierno-de-mexico-abandono-caso-guerra-sucia","status":"publish","type":"post","link":"https:\/\/zonaroja.com.mx\/?p=64202","title":{"rendered":"Denuncian activistas que gobierno de M\u00e9xico abandon\u00f3 caso \u201cGuerra Sucia\u201d"},"content":{"rendered":"\n<p>Redacci\u00f3n\/Zona Roja Cdmx.<\/p>\n\n\n\n<p>Ciudad de M\u00e9xico, a 13 de enero de 2024.- Activistas del Mecanismo para el Acceso a la Verdad y el Esclarecimiento Hist\u00f3rico (MEH) denunciaron este viernes que el gobierno mexicano ha \u201cabandonado\u201d la b\u00fasqueda de las personas desaparecidas en la \u2018Guerra Sucia\u2019, periodo de represi\u00f3n estatal entre las d\u00e9cadas de 1960 y 1990.<\/p>\n\n\n\n<p>El MEH se\u00f1al\u00f3 en un comunicado que la Comisi\u00f3n Nacional de B\u00fasqueda (CNB) removi\u00f3 al titular del equipo especializado en la b\u00fasqueda de personas desaparecidas de manera forzada durante la Guerra Sucia (EEGS), Javier Yankelevich, y a tres cuartas partes del personal.<\/p>\n\n\n\n<p>Con ello, solo dos funcionarios quedaron a cargo de todas las tareas de b\u00fasqueda del periodo, lo que \u201cdif\u00edcilmente permitir\u00e1 dar seguimiento a las decenas de l\u00edneas de b\u00fasqueda que se ten\u00edan identificadas, a las excavaciones, al trabajo con las fiscal\u00edas, y a la entrevista de testigos\u201d.<\/p>\n\n\n\n<p>\u201cEsta reestructura deja a las familias y colectivos en una v\u00edspera suspendida de recibir noticia del paradero de sus seres queridos. Por ello, no podemos sino expresar nuestra profunda preocupaci\u00f3n ante decisiones que parecen abandonar esfuerzos muy relevantes en materia de verdad\u201d, manifest\u00f3 el MEH.<\/p>\n\n\n\n<p>Este mecanismo es parte de la Comisi\u00f3n para el Acceso a la Verdad, el Esclarecimiento Hist\u00f3rico y el Impulso a la Justicia de violaciones graves a derechos humanos de 1965 a 1990, creada en octubre de 2021 por el Presidente Andr\u00e9s Manuel L\u00f3pez Obrador, quien prometi\u00f3 indagar lo ocurrido en esta etapa hist\u00f3rica.<\/p>\n\n\n\n<p>El comunicado record\u00f3 que, seg\u00fan la propia CNB, entre 1964 y 1985 al menos 899 personas desaparecieron por acciones del Estado contra opositores, comunidades y organizaciones pol\u00edtico-militares.<\/p>\n\n\n\n<p>\u201cLa reestructura trunca una de las apuestas m\u00e1s contundentes y serias que el Estado mexicano hab\u00eda hecho hasta ahora por localizar a las personas desaparecidas de manera forzada durante el periodo\u201d, lament\u00f3 el MEH.<\/p>\n\n\n\n<p>El hecho ocurre en medio de la pol\u00e9mica por el nuevo censo de desaparecidos que encarg\u00f3 L\u00f3pez Obrador, quien tach\u00f3 de \u201cmanipulado\u201d el antiguo Registro Nacional de Personas Desaparecidas y No Localizadas (Rnpdno) que contabilizaba m\u00e1s de 110 mil desde 1961 a 2023.<\/p>\n\n\n\n<p>A mediados de diciembre, la Administraci\u00f3n de L\u00f3pez Obrador notific\u00f3 que hab\u00eda 12 mil 377 personas desaparecidas seg\u00fan su nuevo censo, aunque tras desatar cr\u00edticas de las familias, la nueva titular de la CNB, Teresa Guadalupe Reyes, rectific\u00f3 el 27 de diciembre que a\u00fan est\u00e1n buscando a 92 mil.<\/p>\n\n\n\n<p>El MEH ha chocado antes con el Gobierno, al denunciar el a\u00f1o pasado que las Fuerzas Armadas y los servicios de inteligencia han obstaculizado la investigaci\u00f3n al no entregar todos los archivos sobre el periodo, como prometi\u00f3 el mandatario.&nbsp;<\/p>\n\n\n\n<p>(Informaci\u00f3n de la agencia EFE en L\u00f3pez-D\u00f3riga Digital)<\/p>\n","protected":false},"excerpt":{"rendered":"<p>Redacci\u00f3n\/Zona Roja Cdmx. Ciudad de M\u00e9xico, a 13 de enero de 2024.- Activistas del Mecanismo&hellip;<\/p>\n","protected":false},"author":2,"featured_media":54800,"comment_status":"closed","ping_status":"open","sticky":false,"template":"","format":"standard","meta":{"_lmt_disableupdate":"","_lmt_disable":"","_jetpack_memberships_contains_paid_content":false,"footnotes":""},"categories":[109,47],"tags":[3525],"class_list":["post-64202","post","type-post","status-publish","format-standard","has-post-thumbnail","hentry","category-minuto-a-minuto","category-zona-gris","tag-comision-de-la-verdad-mexico"],"jetpack_featured_media_url":"https:\/\/zonaroja.com.mx\/wp-content\/uploads\/2023\/05\/Comision-para-la-Verdad.png","jetpack_sharing_enabled":true,"_links":{"self":[{"href":"https:\/\/zonaroja.com.mx\/index.php?rest_route=\/wp\/v2\/posts\/64202","targetHints":{"allow":["GET"]}}],"collection":[{"href":"https:\/\/zonaroja.com.mx\/index.php?rest_route=\/wp\/v2\/posts"}],"about":[{"href":"https:\/\/zonaroja.com.mx\/index.php?rest_route=\/wp\/v2\/types\/post"}],"author":[{"embeddable":true,"href":"https:\/\/zonaroja.com.mx\/index.php?rest_route=\/wp\/v2\/users\/2"}],"replies":[{"embeddable":true,"href":"https:\/\/zonaroja.com.mx\/index.php?rest_route=%2Fwp%2Fv2%2Fcomments&post=64202"}],"version-history":[{"count":1,"href":"https:\/\/zonaroja.com.mx\/index.php?rest_route=\/wp\/v2\/posts\/64202\/revisions"}],"predecessor-version":[{"id":64203,"href":"https:\/\/zonaroja.com.mx\/index.php?rest_route=\/wp\/v2\/posts\/64202\/revisions\/64203"}],"wp:featuredmedia":[{"embeddable":true,"href":"https:\/\/zonaroja.com.mx\/index.php?rest_route=\/wp\/v2\/media\/54800"}],"wp:attachment":[{"href":"https:\/\/zonaroja.com.mx\/index.php?rest_route=%2Fwp%2Fv2%2Fmedia&parent=64202"}],"wp:term":[{"taxonomy":"category","embeddable":true,"href":"https:\/\/zonaroja.com.mx\/index.php?rest_route=%2Fwp%2Fv2%2Fcategories&post=64202"},{"taxonomy":"post_tag","embeddable":true,"href":"https:\/\/zonaroja.com.mx\/index.php?rest_route=%2Fwp%2Fv2%2Ftags&post=64202"}],"curies":[{"name":"wp","href":"https:\/\/api.w.org\/{rel}","templated":true}]}}