{"id":6421,"date":"2019-12-06T15:03:36","date_gmt":"2019-12-06T21:03:36","guid":{"rendered":"https:\/\/www.zonaroja.com.mx\/?p=6421"},"modified":"2019-12-06T15:03:39","modified_gmt":"2019-12-06T21:03:39","slug":"fiscalia-omisa-en-justicia-para-militantes-del-codedi-acusan","status":"publish","type":"post","link":"https:\/\/zonaroja.com.mx\/?p=6421","title":{"rendered":"Fiscal\u00eda omisa en justicia para militantes del Codedi, acusan"},"content":{"rendered":"\n<p class=\"p2\">Redacci\u00f3n\/Zona Roja.<\/p>\n\n\n\n<p class=\"p2\">Oaxaca de Ju\u00e1rez, Oax., 6 de diciembre de 2019.-&nbsp;Integrantes del Comit\u00e9 por la Defensa de los Derechos Ind\u00edgenas (Codedi) exigieron justicia para sus cinco compa\u00f1eros ca\u00eddos hace dos a\u00f1os, as\u00ed como la liberaci\u00f3n de Fredy Garc\u00eda, preso arbitrariamente desde hace un mes y al que definieron como preso pol\u00edtico.&nbsp;<\/p>\n\n\n\n<p class=\"p2\">As\u00ed lo dio a conocer en conferencia de prensa Crist\u00f3bal Ram\u00edrez &nbsp;Cruz, militante de la organizaci\u00f3n, quien detall\u00f3 que no existen avances en las investigaciones por parte de la Fiscal\u00eda General del Estado de los asesinatos de sus cinco compa\u00f1eros; reprocharon la campa\u00f1a de criminalizaci\u00f3n en contra de la organizaci\u00f3n.<\/p>\n\n\n\n<p class=\"p2\">\u201cHay mucha informaci\u00f3n que se maneja en los medios de comunicaci\u00f3n pero realmente nadie ha ido a los lugares de los hechos a averiguar realmente como suceden las cosas\u201d, expres\u00f3.<\/p>\n\n\n\n<p class=\"p1\">En este mismo sentido refiri\u00f3 que desde hace m\u00e1s de dos a\u00f1os han sufrido agresiones, sin embargo, quienes son se\u00f1aladas son las organizaciones e incluso han sido condenadas por el fiscal Rub\u00e9n Vasconcelos y el gobernador Alejandro Murat sin antes hacer su trabajo.<\/p>\n\n\n\n<p class=\"p2\">As\u00ed mismo record\u00f3 que fue hace un mes que elementos de la Agencia Estatal de Investigaciones detuvieron al vocero de la organizaci\u00f3n y desde entonces se ha incrementado el hostigamiento en contra de integrantes de Codedi, a quienes se le ha impedido realizar sus actividades cotidianas, por lo que insistieron en su exigencia de justicia y cese a la criminalizaci\u00f3n de la protesta social.<\/p>\n\n\n\n<p class=\"p2\">Finalmente dieron a conocer que partir del&nbsp;<a href=\"\/\/0\">13 de diciembre<\/a>&nbsp;y hasta&nbsp;<a href=\"\/\/1\">el d\u00eda 23<\/a>&nbsp;se llevar\u00e1 a cabo la Caravana Aut\u00f3noma de los Pueblos del Sur por Tierra y Libertad, con el objetivo de caminar por los territorios que se encuentran en resistencia a los megaproyectos.&nbsp;<\/p>\n\n\n\n<p class=\"p2\">Se trata de una veintena de organizaciones las que participar\u00e1n y prev\u00e9n realizar actividades educativas, culturales y sociales que potencien la autonom\u00eda de los pueblos y sus derechos, misma que tambi\u00e9n se pronunciar\u00e1n por la liberaci\u00f3n de los presos pol\u00edticos, por lo que aprovecharon para pedir medidas de seguridad para la caravana.&nbsp;<\/p>\n","protected":false},"excerpt":{"rendered":"<p>Redacci\u00f3n\/Zona Roja. Oaxaca de Ju\u00e1rez, Oax., 6 de diciembre de 2019.-&nbsp;Integrantes del Comit\u00e9 por la&hellip;<\/p>\n","protected":false},"author":2,"featured_media":6420,"comment_status":"closed","ping_status":"open","sticky":false,"template":"","format":"standard","meta":{"_lmt_disableupdate":"","_lmt_disable":"","_jetpack_memberships_contains_paid_content":false,"footnotes":""},"categories":[109,51],"tags":[832],"class_list":["post-6421","post","type-post","status-publish","format-standard","has-post-thumbnail","hentry","category-minuto-a-minuto","category-zona-roja","tag-comite-de-defensa-de-derechos-indigenas-codedi"],"jetpack_featured_media_url":"https:\/\/zonaroja.com.mx\/wp-content\/uploads\/2019\/12\/img_6187.jpg","jetpack_sharing_enabled":true,"_links":{"self":[{"href":"https:\/\/zonaroja.com.mx\/index.php?rest_route=\/wp\/v2\/posts\/6421","targetHints":{"allow":["GET"]}}],"collection":[{"href":"https:\/\/zonaroja.com.mx\/index.php?rest_route=\/wp\/v2\/posts"}],"about":[{"href":"https:\/\/zonaroja.com.mx\/index.php?rest_route=\/wp\/v2\/types\/post"}],"author":[{"embeddable":true,"href":"https:\/\/zonaroja.com.mx\/index.php?rest_route=\/wp\/v2\/users\/2"}],"replies":[{"embeddable":true,"href":"https:\/\/zonaroja.com.mx\/index.php?rest_route=%2Fwp%2Fv2%2Fcomments&post=6421"}],"version-history":[{"count":1,"href":"https:\/\/zonaroja.com.mx\/index.php?rest_route=\/wp\/v2\/posts\/6421\/revisions"}],"predecessor-version":[{"id":6422,"href":"https:\/\/zonaroja.com.mx\/index.php?rest_route=\/wp\/v2\/posts\/6421\/revisions\/6422"}],"wp:featuredmedia":[{"embeddable":true,"href":"https:\/\/zonaroja.com.mx\/index.php?rest_route=\/wp\/v2\/media\/6420"}],"wp:attachment":[{"href":"https:\/\/zonaroja.com.mx\/index.php?rest_route=%2Fwp%2Fv2%2Fmedia&parent=6421"}],"wp:term":[{"taxonomy":"category","embeddable":true,"href":"https:\/\/zonaroja.com.mx\/index.php?rest_route=%2Fwp%2Fv2%2Fcategories&post=6421"},{"taxonomy":"post_tag","embeddable":true,"href":"https:\/\/zonaroja.com.mx\/index.php?rest_route=%2Fwp%2Fv2%2Ftags&post=6421"}],"curies":[{"name":"wp","href":"https:\/\/api.w.org\/{rel}","templated":true}]}}