{"id":64212,"date":"2024-01-14T09:26:00","date_gmt":"2024-01-14T15:26:00","guid":{"rendered":"http:\/\/www.zonaroja.com.mx\/?p=64212"},"modified":"2024-01-14T06:34:06","modified_gmt":"2024-01-14T12:34:06","slug":"comenzaran-a-colocar-en-san-felipe-neri-la-reja-disenada-por-francisco-toledo","status":"publish","type":"post","link":"https:\/\/zonaroja.com.mx\/?p=64212","title":{"rendered":"Comenzar\u00e1n a colocar en San Felipe Neri la reja dise\u00f1ada por Francisco Toledo\u00a0"},"content":{"rendered":"\n<p>Redacci\u00f3n\/Zona Roja.<\/p>\n\n\n\n<p>Oaxaca de Ju\u00e1rez, Oax., a 14 de enero de 2024.- Ma\u00f1ana 15 de enero comenzar\u00e1n los trabajos de colocaci\u00f3n de la reja atrial del lado poniente de la capellan\u00eda de San Felipe Neri, en el Centro Hist\u00f3rico de la ciudad de Oaxaca.<\/p>\n\n\n\n<p>Esto tras impulsar entre la ciudadan\u00eda una campa\u00f1a de recolecci\u00f3n de fondos&nbsp;necesarios&nbsp;para la elaboraci\u00f3n de la herrer\u00eda dise\u00f1ada por el artista Francisco Toledo, anunciaron representantes de la Arquidi\u00f3cesis de Antequera Oaxaca, la asociaci\u00f3n civil \u201cAmigos del IAGO y del CFMAB\u201d, el municipio de Oaxaca de Ju\u00e1rez, el Instituto Nacional de Antropolog\u00eda e Historia (INAH) y el Instituto del Patrimonio Cultural del Estado (INPAC).<\/p>\n\n\n\n<p>\u201cSiempre se deben cuidar los espacios, para nosotros los atrios son muy importantes porque son la antesala para entrar a un recinto sagrado, desafortunadamente hace a\u00f1os quitaron varias de las bardas atriales, pero recuperarlas es importante, adem\u00e1s de que colocar la reja de San Felipe Neri cobra mayor relevancia por quien la dise\u00f1\u00f3 y vamos a dignificar un espacio de un templo hist\u00f3rico\u201d, detall\u00f3 Alejandro Rodr\u00edguez Gonz\u00e1lez, p\u00e1rroco de la iglesia Sagrario Metropolitano, Catedral de Oaxaca, y encargado de la capellan\u00eda de San Felipe Neri y del Carmen Bajo.<\/p>\n\n\n\n<p>Rodr\u00edguez Gonz\u00e1lez motiv\u00f3 a los fieles cat\u00f3licos y tambi\u00e9n a las personas que no lo son, para que apoyen en el cuidado de los espacios que tiene la ciudad, \u201cen el caso de los templos no solo son espacios sagrados, sino son espacios hist\u00f3ricos y tur\u00edsticos\u201d.<\/p>\n\n\n\n<p>Agreg\u00f3 que con la colocaci\u00f3n de la reja atrial en la capellan\u00eda de San Felipe Neri se podr\u00e1 ver que hay personas y organizaciones comprometidas con Oaxaca, ya que los trabajos se logran con el apoyo y recursos de muchas personas, \u201csu cari\u00f1o y amor lo manifiestan con este tipo de obras, y si en otro momento se piensa recuperar otro espacio queremos que m\u00e1s personas se sientan llamadas y se involucren, que participen y donen lo necesario con tal de lograr lo que se propone\u201d.<\/p>\n\n\n\n<p>La reja atrial de la capellan\u00eda de San Felipe Neri la dise\u00f1\u00f3 el artista Francisco Toledo, quien tambi\u00e9n impuls\u00f3 la recaudaci\u00f3n de fondos a trav\u00e9s de la asociaci\u00f3n civil que fund\u00f3, \u201cAmigos del IAGO y del CFMAB\u201d A.C., por el inter\u00e9s que mostraba por el cuidado del patrimonio.\u00a0<\/p>\n\n\n\n<figure class=\"wp-block-image size-full\"><a href=\"http:\/\/www.zonaroja.com.mx\/wp-content\/uploads\/2024\/01\/Templo-de-San-Felipe-Neri-Oaxaca.jpg\" data-rel=\"penci-gallery-image-content\" ><img decoding=\"async\" width=\"700\" height=\"530\" src=\"http:\/\/www.zonaroja.com.mx\/wp-content\/uploads\/2024\/01\/Templo-de-San-Felipe-Neri-Oaxaca.jpg\" alt=\"\" class=\"wp-image-64213\" srcset=\"https:\/\/zonaroja.com.mx\/wp-content\/uploads\/2024\/01\/Templo-de-San-Felipe-Neri-Oaxaca.jpg 700w, https:\/\/zonaroja.com.mx\/wp-content\/uploads\/2024\/01\/Templo-de-San-Felipe-Neri-Oaxaca-300x227.jpg 300w, https:\/\/zonaroja.com.mx\/wp-content\/uploads\/2024\/01\/Templo-de-San-Felipe-Neri-Oaxaca-585x443.jpg 585w\" sizes=\"(max-width: 700px) 100vw, 700px\" \/><\/a><\/figure>\n\n\n\n<p>Al ser el atrio de la capellan\u00eda un espacio abierto varios indigentes se apoderaron del lugar lo que aceler\u00f3 su deterioro, para conservar este sitio el maestro Toledo propuso colocar una reja del lado poniente del templo, las autoridades eclesi\u00e1sticas apoyaron la idea y estuvieron de acuerdo con que \u00e9l realizara el dise\u00f1o. Colaboraron con el dise\u00f1o arquitect\u00f3nico el Dr. V\u00edctor G. P\u00e9rez Cruz y la arquitecta Claudina L\u00f3pez Morales.<\/p>\n\n\n\n<p>El artista hab\u00eda estado trabajando en distintos dise\u00f1os de rejas que ya se hab\u00edan colocado en espacios p\u00fablicos, especialmente en museos, ya que buscaba resaltar la herrer\u00eda en la arquitectura. Para el dise\u00f1o de la reja del templo de San Felipe Neri, Toledo tom\u00f3 como referencia las espinas de Cristo.&nbsp;<\/p>\n\n\n\n<p>Los recursos para la colocaci\u00f3n y elaboraci\u00f3n de la reja se obtuvieron por medio de donaciones por parte de la ciudadan\u00eda y el Municipio de Oaxaca de Ju\u00e1rez aport\u00f3 otra parte; los trabajos se llevar\u00e1n a cabo en colaboraci\u00f3n con las autoridades eclesi\u00e1sticas, el INAH, el INPAC y el Municipio de Oaxaca de Ju\u00e1rez.<\/p>\n\n\n\n<p>La capellan\u00eda de San Felipe Neri est\u00e1 situada en la esquina de avenida Independencia y Tinoco y Palacios, muy cerca del z\u00f3calo de la ciudad de Oaxaca, su conservaci\u00f3n y rescate es importante porque las personas pueden visitar la Catedral de Oaxaca y ampliar su recorrido por la zona. Es tambi\u00e9n un sitio hist\u00f3rico ya que ah\u00ed contrajeron matrimonio Benito Ju\u00e1rez y Margarita Maza.<\/p>\n","protected":false},"excerpt":{"rendered":"<p>Redacci\u00f3n\/Zona Roja. Oaxaca de Ju\u00e1rez, Oax., a 14 de enero de 2024.- Ma\u00f1ana 15 de&hellip;<\/p>\n","protected":false},"author":2,"featured_media":64214,"comment_status":"closed","ping_status":"open","sticky":false,"template":"","format":"standard","meta":{"_lmt_disableupdate":"","_lmt_disable":"","_jetpack_memberships_contains_paid_content":false,"footnotes":""},"categories":[109,46],"tags":[677],"class_list":["post-64212","post","type-post","status-publish","format-standard","has-post-thumbnail","hentry","category-minuto-a-minuto","category-zona-blanca","tag-francisco-toledo"],"jetpack_featured_media_url":"https:\/\/zonaroja.com.mx\/wp-content\/uploads\/2024\/01\/Francisco-Toledo-reja-atrio-San-Felipe-Neri.jpg","jetpack_sharing_enabled":true,"_links":{"self":[{"href":"https:\/\/zonaroja.com.mx\/index.php?rest_route=\/wp\/v2\/posts\/64212","targetHints":{"allow":["GET"]}}],"collection":[{"href":"https:\/\/zonaroja.com.mx\/index.php?rest_route=\/wp\/v2\/posts"}],"about":[{"href":"https:\/\/zonaroja.com.mx\/index.php?rest_route=\/wp\/v2\/types\/post"}],"author":[{"embeddable":true,"href":"https:\/\/zonaroja.com.mx\/index.php?rest_route=\/wp\/v2\/users\/2"}],"replies":[{"embeddable":true,"href":"https:\/\/zonaroja.com.mx\/index.php?rest_route=%2Fwp%2Fv2%2Fcomments&post=64212"}],"version-history":[{"count":1,"href":"https:\/\/zonaroja.com.mx\/index.php?rest_route=\/wp\/v2\/posts\/64212\/revisions"}],"predecessor-version":[{"id":64215,"href":"https:\/\/zonaroja.com.mx\/index.php?rest_route=\/wp\/v2\/posts\/64212\/revisions\/64215"}],"wp:featuredmedia":[{"embeddable":true,"href":"https:\/\/zonaroja.com.mx\/index.php?rest_route=\/wp\/v2\/media\/64214"}],"wp:attachment":[{"href":"https:\/\/zonaroja.com.mx\/index.php?rest_route=%2Fwp%2Fv2%2Fmedia&parent=64212"}],"wp:term":[{"taxonomy":"category","embeddable":true,"href":"https:\/\/zonaroja.com.mx\/index.php?rest_route=%2Fwp%2Fv2%2Fcategories&post=64212"},{"taxonomy":"post_tag","embeddable":true,"href":"https:\/\/zonaroja.com.mx\/index.php?rest_route=%2Fwp%2Fv2%2Ftags&post=64212"}],"curies":[{"name":"wp","href":"https:\/\/api.w.org\/{rel}","templated":true}]}}