{"id":64226,"date":"2024-01-14T15:24:00","date_gmt":"2024-01-14T21:24:00","guid":{"rendered":"http:\/\/www.zonaroja.com.mx\/?p=64226"},"modified":"2024-01-14T07:25:37","modified_gmt":"2024-01-14T13:25:37","slug":"opinion-1994-2024","status":"publish","type":"post","link":"https:\/\/zonaroja.com.mx\/?p=64226","title":{"rendered":"Opini\u00f3n. 1994-2024"},"content":{"rendered":"\n<p>Diego Enrique Osono*<\/p>\n\n\n\n<p>M\u00e9xico ten\u00eda a finales de 1993 un presidente con amplia aprobaci\u00f3n ciudadana y reconocimiento internacional. Todas las variables pol\u00edticas e institucionales del momento indicaban el triunfo seguro del partido oficial en los comicios en puerta. No s\u00f3lo eso: se daba por hecho la transexenalidad de un poder presidencial envuelto bajo el manto de la modernizaci\u00f3n nacional.<\/p>\n\n\n\n<p>Desde entonces a la fecha no hab\u00eda existido ning\u00fan otro mandatario que cerrara su periodo de gobierno en los mismos t\u00e9rminos y circunstancias. Varias aristas del escenario que Carlos Salinas de Gortari ten\u00eda por delante&nbsp;aplican hoy al presidente Andr\u00e9s Manuel L\u00f3pez Obrador.<\/p>\n\n\n\n<p>Treinta a\u00f1os despu\u00e9s, o\u00edmos palabras como Transformaci\u00f3n en lugar de Modernizaci\u00f3n, Bienestar en vez de Solidaridad, Tren Maya por TLC y as\u00ed sigue la lista de espejos entre los dos proyectos pol\u00edticos de poder personal m\u00e1s ambiciosos de la \u00e9poca reciente.<\/p>\n\n\n\n<p>Ya sabemos que 1994 termin\u00f3 siendo un a\u00f1o que marc\u00f3 al pa\u00eds en general y a Salinas en lo particular: su figura qued\u00f3 sumergida en una serie de crisis sociales, pol\u00edticas y econ\u00f3micas devastadoras que se activaron por las tensiones de un proceso formal e informal de sucesi\u00f3n que al principio parec\u00eda m\u00e1s que controlado.<\/p>\n\n\n\n<p>Hasta la fecha se contin\u00faa haciendo una revisi\u00f3n cr\u00edtica de Salinas y va quedando cada vez m\u00e1s claro que al final de su sexenio padeci\u00f3 las consecuencias de decisiones absolutas que asumi\u00f3 en su gobierno. \u00bfC\u00f3mo ser\u00e1 el \u00faltimo a\u00f1o y c\u00f3mo pasar\u00e1 a la historia L\u00f3pez Obrador?<\/p>\n\n\n\n<p>2024 establecer\u00e1 el precedente y los nuevos t\u00e9rminos de la inminente continuidad de Morena en el poder, as\u00ed como el de las nebulosas fuerzas opositoras. Tras su llegada a Los Pinos, Ernesto Zedillo, un pol\u00edtico que parec\u00eda sumiso y t\u00e9cnico, tuvo la frialdad de romper dr\u00e1sticamente con el presidente todopoderoso que lo hab\u00eda impulsado hasta ah\u00ed.<\/p>\n\n\n\n<p>Luego de su casi segura llegada a Palacio Nacional, \u00bfc\u00f3mo establecer\u00e1 Claudia Sheinbaum la relaci\u00f3n y coordinaci\u00f3n de intereses con los diversos poderes f\u00e1cticos que hoy convergen alrededor de la figura del Presidente?, \u00bfqu\u00e9 tipo de din\u00e1micas tendr\u00e1 una presidenta as\u00ed con los gobernadores de su partido y dem\u00e1s grupos internos, incondicionales o temerosos de L\u00f3pez Obrador, pero no de alguien m\u00e1s?<\/p>\n\n\n\n<p>La clase pol\u00edtica se juega este a\u00f1o, por encima de todo, la futura gobernabilidad del pa\u00eds.<\/p>\n\n\n\n<p>*Escritor y periodista.<\/p>\n\n\n\n<p>@DiegoEOsorno<\/p>\n","protected":false},"excerpt":{"rendered":"<p>Diego Enrique Osono* M\u00e9xico ten\u00eda a finales de 1993 un presidente con amplia aprobaci\u00f3n ciudadana&hellip;<\/p>\n","protected":false},"author":2,"featured_media":48560,"comment_status":"closed","ping_status":"open","sticky":false,"template":"","format":"standard","meta":{"_lmt_disableupdate":"","_lmt_disable":"","_jetpack_memberships_contains_paid_content":false,"footnotes":""},"categories":[456,109],"tags":[3020],"class_list":["post-64226","post","type-post","status-publish","format-standard","has-post-thumbnail","hentry","category-columna","category-minuto-a-minuto","tag-diego-enrique-osorno"],"jetpack_featured_media_url":"https:\/\/zonaroja.com.mx\/wp-content\/uploads\/2022\/11\/Diego-Enrique-Osorno.jpeg","jetpack_sharing_enabled":true,"_links":{"self":[{"href":"https:\/\/zonaroja.com.mx\/index.php?rest_route=\/wp\/v2\/posts\/64226","targetHints":{"allow":["GET"]}}],"collection":[{"href":"https:\/\/zonaroja.com.mx\/index.php?rest_route=\/wp\/v2\/posts"}],"about":[{"href":"https:\/\/zonaroja.com.mx\/index.php?rest_route=\/wp\/v2\/types\/post"}],"author":[{"embeddable":true,"href":"https:\/\/zonaroja.com.mx\/index.php?rest_route=\/wp\/v2\/users\/2"}],"replies":[{"embeddable":true,"href":"https:\/\/zonaroja.com.mx\/index.php?rest_route=%2Fwp%2Fv2%2Fcomments&post=64226"}],"version-history":[{"count":1,"href":"https:\/\/zonaroja.com.mx\/index.php?rest_route=\/wp\/v2\/posts\/64226\/revisions"}],"predecessor-version":[{"id":64227,"href":"https:\/\/zonaroja.com.mx\/index.php?rest_route=\/wp\/v2\/posts\/64226\/revisions\/64227"}],"wp:featuredmedia":[{"embeddable":true,"href":"https:\/\/zonaroja.com.mx\/index.php?rest_route=\/wp\/v2\/media\/48560"}],"wp:attachment":[{"href":"https:\/\/zonaroja.com.mx\/index.php?rest_route=%2Fwp%2Fv2%2Fmedia&parent=64226"}],"wp:term":[{"taxonomy":"category","embeddable":true,"href":"https:\/\/zonaroja.com.mx\/index.php?rest_route=%2Fwp%2Fv2%2Fcategories&post=64226"},{"taxonomy":"post_tag","embeddable":true,"href":"https:\/\/zonaroja.com.mx\/index.php?rest_route=%2Fwp%2Fv2%2Ftags&post=64226"}],"curies":[{"name":"wp","href":"https:\/\/api.w.org\/{rel}","templated":true}]}}