{"id":64236,"date":"2024-01-14T20:38:34","date_gmt":"2024-01-15T02:38:34","guid":{"rendered":"http:\/\/www.zonaroja.com.mx\/?p=64236"},"modified":"2024-01-14T20:38:36","modified_gmt":"2024-01-15T02:38:36","slug":"fiscalia-de-oaxaca-localiza-en-chiapas-a-probable-feminicida","status":"publish","type":"post","link":"https:\/\/zonaroja.com.mx\/?p=64236","title":{"rendered":"Fiscal\u00eda de Oaxaca localiza en Chiapas a probable feminicida"},"content":{"rendered":"\n<p>Redacci\u00f3n\/Zona Roja.<\/p>\n\n\n\n<p>Oaxaca de Ju\u00e1rez, Oax., a 14 de enero de 2024.- Un individuo identificado como M. A. G. E., acusado de tentativa de feminicidio en la ciudad de Oaxaca, fue aprehendido a Chiapas, inform\u00f3 la Fiscal\u00eda General de esta entidad.<\/p>\n\n\n\n<p>En un comunicado, la instituci\u00f3n oaxaque\u00f1a inform\u00f3 que gracias a la investigaci\u00f3n especializada en delitos de g\u00e9nero contra la mujer, as\u00ed como la colaboraci\u00f3n interinstitucional con la Fiscal\u00eda de Chiapas, se ejecut\u00f3 la orden de aprehensi\u00f3n.<\/p>\n\n\n\n<p>Indic\u00f3 que, de acuerdo con el expediente penal, los hechos ocurrieron el 26 de septiembre de 2020, cuando las v\u00edctimas, una mujer adulta y su hija, se encontraban en su domicilio localizado en San Felipe del Agua, en la ciudad de Oaxaca de Ju\u00e1rez, a donde lleg\u00f3 el agresor, quien atac\u00f3 a ambas, provoc\u00e1ndoles lesiones.<\/p>\n\n\n\n<p>Al momento de intervenci\u00f3n de la FGEO, el caso qued\u00f3 a cargo de la Fiscal\u00eda Especializada para la Atenci\u00f3n a Delitos Contra la Mujer por Raz\u00f3n de G\u00e9nero que aplic\u00f3 los protocolos y t\u00e9cnicas de investigaci\u00f3n para la resoluci\u00f3n de casos de tentativa de feminicidio, que condujeron a la localizaci\u00f3n del probable responsable quien se encontraba en el estado de Chiapas.<\/p>\n\n\n\n<p>Derivado del trabajo de la FGEO en colaboraci\u00f3n con la Fiscal\u00eda de Chiapas, fue posible la ejecuci\u00f3n de la orden de aprehensi\u00f3n en contra de M. A. G. E., quien fue detenido en el barrio Santa Cecilia de la ciudad de Comit\u00e1n.<\/p>\n\n\n\n<p>Tras la captura, se efectuaron los tr\u00e1mites pertinentes por los que M. A. G. E. fue trasladado a la ciudad de Oaxaca para ser puesto a disposici\u00f3n de la autoridad ministerial correspondiente que determinar\u00e1 su situaci\u00f3n jur\u00eddica en las pr\u00f3ximas horas.<\/p>\n\n\n\n<p>\u201cLa Fiscal\u00eda de Oaxaca prioriza las labores ministeriales en casos de feminicidio y tentativa con el objetivo de erradicar cualquier tipo de violencia por raz\u00f3n de g\u00e9nero en contra de las mujeres\u201d, indic\u00f3 en un comunicado.<\/p>\n","protected":false},"excerpt":{"rendered":"<p>Redacci\u00f3n\/Zona Roja. Oaxaca de Ju\u00e1rez, Oax., a 14 de enero de 2024.- Un individuo identificado&hellip;<\/p>\n","protected":false},"author":2,"featured_media":64237,"comment_status":"closed","ping_status":"open","sticky":false,"template":"","format":"standard","meta":{"_lmt_disableupdate":"","_lmt_disable":"","_jetpack_memberships_contains_paid_content":false,"footnotes":""},"categories":[109,46],"tags":[494],"class_list":["post-64236","post","type-post","status-publish","format-standard","has-post-thumbnail","hentry","category-minuto-a-minuto","category-zona-blanca","tag-fiscalia-general-del-estado-de-oaxaca"],"jetpack_featured_media_url":"https:\/\/zonaroja.com.mx\/wp-content\/uploads\/2024\/01\/Probable-feminicida-de-Oaxaca-detenido-en-Chiapas.jpg","jetpack_sharing_enabled":true,"_links":{"self":[{"href":"https:\/\/zonaroja.com.mx\/index.php?rest_route=\/wp\/v2\/posts\/64236","targetHints":{"allow":["GET"]}}],"collection":[{"href":"https:\/\/zonaroja.com.mx\/index.php?rest_route=\/wp\/v2\/posts"}],"about":[{"href":"https:\/\/zonaroja.com.mx\/index.php?rest_route=\/wp\/v2\/types\/post"}],"author":[{"embeddable":true,"href":"https:\/\/zonaroja.com.mx\/index.php?rest_route=\/wp\/v2\/users\/2"}],"replies":[{"embeddable":true,"href":"https:\/\/zonaroja.com.mx\/index.php?rest_route=%2Fwp%2Fv2%2Fcomments&post=64236"}],"version-history":[{"count":1,"href":"https:\/\/zonaroja.com.mx\/index.php?rest_route=\/wp\/v2\/posts\/64236\/revisions"}],"predecessor-version":[{"id":64238,"href":"https:\/\/zonaroja.com.mx\/index.php?rest_route=\/wp\/v2\/posts\/64236\/revisions\/64238"}],"wp:featuredmedia":[{"embeddable":true,"href":"https:\/\/zonaroja.com.mx\/index.php?rest_route=\/wp\/v2\/media\/64237"}],"wp:attachment":[{"href":"https:\/\/zonaroja.com.mx\/index.php?rest_route=%2Fwp%2Fv2%2Fmedia&parent=64236"}],"wp:term":[{"taxonomy":"category","embeddable":true,"href":"https:\/\/zonaroja.com.mx\/index.php?rest_route=%2Fwp%2Fv2%2Fcategories&post=64236"},{"taxonomy":"post_tag","embeddable":true,"href":"https:\/\/zonaroja.com.mx\/index.php?rest_route=%2Fwp%2Fv2%2Ftags&post=64236"}],"curies":[{"name":"wp","href":"https:\/\/api.w.org\/{rel}","templated":true}]}}