{"id":64239,"date":"2024-01-15T07:25:00","date_gmt":"2024-01-15T13:25:00","guid":{"rendered":"http:\/\/www.zonaroja.com.mx\/?p=64239"},"modified":"2024-01-15T07:16:03","modified_gmt":"2024-01-15T13:16:03","slug":"otra-vez-miahuatlan-ataque-a-balazos-a-familia-deja-un-muerto-y-una-lesionada","status":"publish","type":"post","link":"https:\/\/zonaroja.com.mx\/?p=64239","title":{"rendered":"Otra vez Miahuatl\u00e1n: ataque a balazos a familia deja un muerto y una lesionada"},"content":{"rendered":"\n<p>Raymundo Morales\/Zona Roja.<\/p>\n\n\n\n<p>Oaxaca de Ju\u00e1rez, Oax., a 15 de enero de 2024.- A 48 horas de la agresi\u00f3n a balazos a un joven y su hija de tres a\u00f1os de edad, en Miahuatl\u00e1n de Porfirio D\u00edaz ocurri\u00f3 otro ataque.<\/p>\n\n\n\n<p>Ayer por la tarde en la carretera a la localidad de San Jos\u00e9 Pe\u00f1asco, a la altura del paraje \u201cEl Zapote\u201d del pueblo de Cerro Gordo, un veh\u00edculo tipo Aveo, marca Chevrolet, sin placas de circulaci\u00f3n, donde viajaba una familia fue acribillado.<\/p>\n\n\n\n<p>Lo anterior dej\u00f3 como saldo una persona del sexo masculino fallecida y una femenina lesionada de gravedad, mientras dos menores de edad resultaron ilesos.<\/p>\n\n\n\n<p>Los agresores, presuntamente de un grupo armado, huyeron de la zona debido a que dicha vialidad es poco transitada.&nbsp;<\/p>\n\n\n\n<p>Polic\u00edas municipales llegaron a la zona luego de ser informados del hallazgo del veh\u00edculo con varios impactos de arma de fuego, por lo cual acordonaron la zona.<\/p>\n\n\n\n<p>Mientras tanto personal de la Fiscal\u00eda General del Estado de Oaxaca, con sede en Miahuatl\u00e1n, arrib\u00f3 al sitio para iniciar las investigaciones correspondientes a fin de dar con el o los responsables del ataque armado.<\/p>\n\n\n\n<p>Como se inform\u00f3 oportunamente, el pasado viernes por la ma\u00f1ana en pleno centro de dicho municipio de la regi\u00f3n Sierra Sur, fueron atacados a balazos un joven y su hija menor de edad, a la cual llevaba a la guarder\u00eda.<\/p>\n\n\n\n<p>Hasta el momento no hay personas detenidas por ambos casos.<\/p>\n","protected":false},"excerpt":{"rendered":"<p>Raymundo Morales\/Zona Roja. Oaxaca de Ju\u00e1rez, Oax., a 15 de enero de 2024.- A 48&hellip;<\/p>\n","protected":false},"author":2,"featured_media":64241,"comment_status":"closed","ping_status":"open","sticky":false,"template":"","format":"standard","meta":{"_lmt_disableupdate":"","_lmt_disable":"","_jetpack_memberships_contains_paid_content":false,"footnotes":""},"categories":[109,51],"tags":[169],"class_list":["post-64239","post","type-post","status-publish","format-standard","has-post-thumbnail","hentry","category-minuto-a-minuto","category-zona-roja","tag-miahuatlan-de-porfirio-diaz"],"jetpack_featured_media_url":"https:\/\/zonaroja.com.mx\/wp-content\/uploads\/2024\/01\/Ejecutado-Miahuatlan.jpeg","jetpack_sharing_enabled":true,"_links":{"self":[{"href":"https:\/\/zonaroja.com.mx\/index.php?rest_route=\/wp\/v2\/posts\/64239","targetHints":{"allow":["GET"]}}],"collection":[{"href":"https:\/\/zonaroja.com.mx\/index.php?rest_route=\/wp\/v2\/posts"}],"about":[{"href":"https:\/\/zonaroja.com.mx\/index.php?rest_route=\/wp\/v2\/types\/post"}],"author":[{"embeddable":true,"href":"https:\/\/zonaroja.com.mx\/index.php?rest_route=\/wp\/v2\/users\/2"}],"replies":[{"embeddable":true,"href":"https:\/\/zonaroja.com.mx\/index.php?rest_route=%2Fwp%2Fv2%2Fcomments&post=64239"}],"version-history":[{"count":1,"href":"https:\/\/zonaroja.com.mx\/index.php?rest_route=\/wp\/v2\/posts\/64239\/revisions"}],"predecessor-version":[{"id":64242,"href":"https:\/\/zonaroja.com.mx\/index.php?rest_route=\/wp\/v2\/posts\/64239\/revisions\/64242"}],"wp:featuredmedia":[{"embeddable":true,"href":"https:\/\/zonaroja.com.mx\/index.php?rest_route=\/wp\/v2\/media\/64241"}],"wp:attachment":[{"href":"https:\/\/zonaroja.com.mx\/index.php?rest_route=%2Fwp%2Fv2%2Fmedia&parent=64239"}],"wp:term":[{"taxonomy":"category","embeddable":true,"href":"https:\/\/zonaroja.com.mx\/index.php?rest_route=%2Fwp%2Fv2%2Fcategories&post=64239"},{"taxonomy":"post_tag","embeddable":true,"href":"https:\/\/zonaroja.com.mx\/index.php?rest_route=%2Fwp%2Fv2%2Ftags&post=64239"}],"curies":[{"name":"wp","href":"https:\/\/api.w.org\/{rel}","templated":true}]}}