{"id":6424,"date":"2019-12-06T16:45:36","date_gmt":"2019-12-06T22:45:36","guid":{"rendered":"https:\/\/www.zonaroja.com.mx\/?p=6424"},"modified":"2019-12-06T16:45:39","modified_gmt":"2019-12-06T22:45:39","slug":"propone-legisladora-que-municipios-decidan-en-asamblea-permiso-de-uso-de-suelo","status":"publish","type":"post","link":"https:\/\/zonaroja.com.mx\/?p=6424","title":{"rendered":"Propone legisladora que municipios decidan en asamblea permiso de uso de suelo"},"content":{"rendered":"\n<p class=\"MsoNormal\">Redacci\u00f3n\/Zona Roja.<\/p>\n\n\n\n<p class=\"MsoNormal\">Oaxaca de Ju\u00e1rez, Oax., 6 de diciembre de 2019.-&nbsp;Luego de exponer que en comunidades ind\u00edgena &nbsp;de Oaxaca algunas autoridades municipales acuerdan el cambio de uso y permiso de suelo bajo intereses personales, sin consultar a la comunidad que representan, la diputada de Morena, Magaly L\u00f3pez Dom\u00ednguez, propuso &nbsp;la reforma a la Ley Org\u00e1nica Municipal del Estado para que esta facultad recaiga en una asamblea comunitaria.&nbsp;<\/p>\n\n\n\n<p class=\"MsoNormal\">\u201cLas autoridades municipales no necesariamente representan a los intereses de las comunidades, pueden ser f\u00e1cilmente convencidos por empresas o gobiernos en su af\u00e1n de obtener tierras para megaproyectos\u201d, se\u00f1al\u00f3.&nbsp;<\/p>\n\n\n\n<p class=\"MsoNormal\">La propuesta de la tambi\u00e9n Presidenta de la Comisi\u00f3n de Derechos Humanos en la 64 Legislatura, consiste en modificar la Ley Org\u00e1nica Municipal del Estado de Oaxaca para establecer que la necesidad de que en municipios ind\u00edgenas, el cambio de uso de suelo cuente con la aprobaci\u00f3n de la asamblea general comunitaria, adem\u00e1s de estipular que la necesidad de mayor\u00eda calificada para el otorgamiento de licencias y permisos para megaproyectos.&nbsp;<\/p>\n\n\n\n<p class=\"MsoNormal\">La propuesta de la legisladora Magaly L\u00f3pez fue turnada para su an\u00e1lisis al interior de las comisiones de la 64 Legislatura y en los pr\u00f3ximos d\u00edas ser\u00e1 presentada para su posible aprobaci\u00f3n al Pleno Legislativo.<\/p>\n","protected":false},"excerpt":{"rendered":"<p>Redacci\u00f3n\/Zona Roja. Oaxaca de Ju\u00e1rez, Oax., 6 de diciembre de 2019.-&nbsp;Luego de exponer que en&hellip;<\/p>\n","protected":false},"author":2,"featured_media":6423,"comment_status":"closed","ping_status":"open","sticky":false,"template":"","format":"standard","meta":{"_lmt_disableupdate":"","_lmt_disable":"","_jetpack_memberships_contains_paid_content":false,"footnotes":""},"categories":[109,46],"tags":[192],"class_list":["post-6424","post","type-post","status-publish","format-standard","has-post-thumbnail","hentry","category-minuto-a-minuto","category-zona-blanca","tag-diputada-magaly-lopez-dominguez"],"jetpack_featured_media_url":"https:\/\/zonaroja.com.mx\/wp-content\/uploads\/2019\/12\/tribuna.jpg","jetpack_sharing_enabled":true,"_links":{"self":[{"href":"https:\/\/zonaroja.com.mx\/index.php?rest_route=\/wp\/v2\/posts\/6424","targetHints":{"allow":["GET"]}}],"collection":[{"href":"https:\/\/zonaroja.com.mx\/index.php?rest_route=\/wp\/v2\/posts"}],"about":[{"href":"https:\/\/zonaroja.com.mx\/index.php?rest_route=\/wp\/v2\/types\/post"}],"author":[{"embeddable":true,"href":"https:\/\/zonaroja.com.mx\/index.php?rest_route=\/wp\/v2\/users\/2"}],"replies":[{"embeddable":true,"href":"https:\/\/zonaroja.com.mx\/index.php?rest_route=%2Fwp%2Fv2%2Fcomments&post=6424"}],"version-history":[{"count":1,"href":"https:\/\/zonaroja.com.mx\/index.php?rest_route=\/wp\/v2\/posts\/6424\/revisions"}],"predecessor-version":[{"id":6425,"href":"https:\/\/zonaroja.com.mx\/index.php?rest_route=\/wp\/v2\/posts\/6424\/revisions\/6425"}],"wp:featuredmedia":[{"embeddable":true,"href":"https:\/\/zonaroja.com.mx\/index.php?rest_route=\/wp\/v2\/media\/6423"}],"wp:attachment":[{"href":"https:\/\/zonaroja.com.mx\/index.php?rest_route=%2Fwp%2Fv2%2Fmedia&parent=6424"}],"wp:term":[{"taxonomy":"category","embeddable":true,"href":"https:\/\/zonaroja.com.mx\/index.php?rest_route=%2Fwp%2Fv2%2Fcategories&post=6424"},{"taxonomy":"post_tag","embeddable":true,"href":"https:\/\/zonaroja.com.mx\/index.php?rest_route=%2Fwp%2Fv2%2Ftags&post=6424"}],"curies":[{"name":"wp","href":"https:\/\/api.w.org\/{rel}","templated":true}]}}