{"id":64243,"date":"2024-01-15T08:30:00","date_gmt":"2024-01-15T14:30:00","guid":{"rendered":"http:\/\/www.zonaroja.com.mx\/?p=64243"},"modified":"2024-01-15T07:39:29","modified_gmt":"2024-01-15T13:39:29","slug":"enesimo-secuestro-masivo-en-guerrero-ahora-de-nueve-personas","status":"publish","type":"post","link":"https:\/\/zonaroja.com.mx\/?p=64243","title":{"rendered":"En\u00e9simo secuestro masivo en Guerrero, ahora de nueve personas"},"content":{"rendered":"\n<p>Redacci\u00f3n\/Zona Roja Cdmx.<\/p>\n\n\n\n<p>Ciudad de M\u00e9xico, a 15 de enero de 2024.- Un grupo de hombres con el rostro cubierto y armados ingresaron a una fiesta y habr\u00edan sustra\u00eddo a varias personas, fue en la localidad de Santa Fe Tepetlapa, en el municipio de Buenavista de Cu\u00e9llar, en la parte norte de Guerrero que los hechos habr\u00edan ocurrido.<\/p>\n\n\n\n<p>Seg\u00fan reportes de medios locales al sitio acudieron sujetos vestidos como militares y que iban a bordo de camionetas y quienes entraron a un domicilio para llevarse a nueve personas, seg\u00fan detall\u00f3 \u201cEl Sol de Acapulco\u201d.&nbsp;<\/p>\n\n\n\n<p>Dichas personas fueron identificadas como Israel \u201cN\u201d, Juan Manuel \u201cN\u201d, Carlos \u201cN\u201d, Emanuel \u201cN\u201d, Rub\u00e9n \u201cN\u201d, Jos\u00e9 Manuel \u201cN\u201d, Alfredo \u201cN\u201d, Rodolfo \u201cN\u201d, y Santiago \u201cN\u201d.<\/p>\n\n\n\n<p>\u201cAgentes de la Polic\u00eda Investigadora Ministerial, personal del Ej\u00e9rcito Mexicano, Guardia Nacional y Polic\u00eda Estatal se trasladaron al lugar para verificar el reporte; donde el personal ministerial realiza las primeras indagatorias\u201d.<\/p>\n\n\n\n<p>Adem\u00e1s, las autoridades se\u00f1alaron que al menos hasta el domingo 14 de enero no hab\u00eda una denuncia formal respecto a las personas presuntamente desaparecidas. A pesar de lo anterior fue abierta una investigaci\u00f3n \u201cpor el delito de desaparici\u00f3n cometido por particulares\u201d, detall\u00f3 la fiscal\u00eda en un comunicado.<\/p>\n\n\n\n<p>En las im\u00e1genes compartidas por las autoridades se puede ver a los efectivos de seguridad llegando a la entrada de Santa Fe Tepetlapa y en otros puntos de la zona. Sin embargo no se han reportado detenciones o la localizaci\u00f3n de las nueve personas.<\/p>\n\n\n\n<p>De acuerdo con los reportes, los sujetos de los que no se conoce su paradero, estaban en una fiesta familiar durante la noche del s\u00e1bado 13 de enero, seg\u00fan inform\u00f3 \u201cExcelsior\u201d.&nbsp;<\/p>\n\n\n\n<p>El citado medio tambi\u00e9n report\u00f3 que los responsables de los hechos se habr\u00edan llevado un veh\u00edculo al momento de sustraer a las personas.<\/p>\n\n\n\n<p>OTROS CASOS<\/p>\n\n\n\n<p>Lo anterior se suma a la desaparici\u00f3n de otras personas a finales de diciembre en el municipio de Taxco. En un primer momento fueron 12 trabajadores, pero posteriormente Carlos Alberto Hern\u00e1ndez Monge, director de comunicaci\u00f3n social de la FGE Guerrero, confirm\u00f3 el hallazgo de cuatro de los 12 empleados el pasado 8 de enero.<\/p>\n\n\n\n<p>De manera similar a lo ocurrido recientemente, no hab\u00eda denuncia formal por los 12 sujetos desparecidos, pero las autoridades iniciaron una investigaci\u00f3n al respecto.<\/p>\n\n\n\n<p>Cabe destacar que, seg\u00fan reportes de \u201cLa Jornada\u201d, las ocho personas que no han sido halladas estar\u00edan en poder del grupo criminal \u201cLa Familia Michoacana\u201d, reportaron pobladores de la zona.<\/p>\n\n\n\n<p>VIOLENCIA CRIMINAL<\/p>\n\n\n\n<p>En la entidad gobernada por Evelyn Salgado han ocurrido diversas acciones violentas, por ejemplo en un palenque un grupo armado accion\u00f3 sus armas en contra de los asistentes, lo que dej\u00f3 13 muertos en Petatl\u00e1n el 6 de enero pasado. De acuerdo con los reportes de las autoridades no fue una disputa armada, sino una agresi\u00f3n contra civiles.<\/p>\n\n\n\n<p>\u201cNo se trat\u00f3 de un enfrentamiento entre grupos criminales, sino de un ataque contra civiles desarmados\u201d, inform\u00f3 Bertha D\u00edaz Garz\u00f3n. Adem\u00e1s, quien estar\u00eda detr\u00e1s de los hechos ser\u00eda un hombre identificado con el alias El Gavil\u00e1n quien es un exl\u00edder de Los Caballeros Templarios y quien cre\u00f3 una c\u00e9lula criminal llamada Guardia Guerrerense.<\/p>\n\n\n\n<p>Mientras que en otras acciones, el pasado 5 de enero pobladores del municipio de Heliodoro Castillo denunciaron ataques con drones, se\u00f1al\u00f3 el Centro de Derechos de las v\u00edctimas de violencia Minerva Bello. Algunos reportes indicaron que los ataque habr\u00edan sido perpetrados por la Familia Michoacana. Las autoridades posteriormente reconocieron que las acciones violentas surgieron por la pugna entre la Familia Michoacana y Los Tlacos, quienes buscan controlar la zona.<\/p>\n\n\n\n<p>(Informaci\u00f3n de Infobae M\u00e9xico)<\/p>\n","protected":false},"excerpt":{"rendered":"<p>Redacci\u00f3n\/Zona Roja Cdmx. Ciudad de M\u00e9xico, a 15 de enero de 2024.- Un grupo de&hellip;<\/p>\n","protected":false},"author":2,"featured_media":64244,"comment_status":"closed","ping_status":"open","sticky":false,"template":"","format":"standard","meta":{"_lmt_disableupdate":"","_lmt_disable":"","_jetpack_memberships_contains_paid_content":false,"footnotes":""},"categories":[109,47],"tags":[80],"class_list":["post-64243","post","type-post","status-publish","format-standard","has-post-thumbnail","hentry","category-minuto-a-minuto","category-zona-gris","tag-guerrero"],"jetpack_featured_media_url":"https:\/\/zonaroja.com.mx\/wp-content\/uploads\/2024\/01\/Secuestro-Santa-Fe-Tepetlapa-Guerrero.jpg","jetpack_sharing_enabled":true,"_links":{"self":[{"href":"https:\/\/zonaroja.com.mx\/index.php?rest_route=\/wp\/v2\/posts\/64243","targetHints":{"allow":["GET"]}}],"collection":[{"href":"https:\/\/zonaroja.com.mx\/index.php?rest_route=\/wp\/v2\/posts"}],"about":[{"href":"https:\/\/zonaroja.com.mx\/index.php?rest_route=\/wp\/v2\/types\/post"}],"author":[{"embeddable":true,"href":"https:\/\/zonaroja.com.mx\/index.php?rest_route=\/wp\/v2\/users\/2"}],"replies":[{"embeddable":true,"href":"https:\/\/zonaroja.com.mx\/index.php?rest_route=%2Fwp%2Fv2%2Fcomments&post=64243"}],"version-history":[{"count":1,"href":"https:\/\/zonaroja.com.mx\/index.php?rest_route=\/wp\/v2\/posts\/64243\/revisions"}],"predecessor-version":[{"id":64245,"href":"https:\/\/zonaroja.com.mx\/index.php?rest_route=\/wp\/v2\/posts\/64243\/revisions\/64245"}],"wp:featuredmedia":[{"embeddable":true,"href":"https:\/\/zonaroja.com.mx\/index.php?rest_route=\/wp\/v2\/media\/64244"}],"wp:attachment":[{"href":"https:\/\/zonaroja.com.mx\/index.php?rest_route=%2Fwp%2Fv2%2Fmedia&parent=64243"}],"wp:term":[{"taxonomy":"category","embeddable":true,"href":"https:\/\/zonaroja.com.mx\/index.php?rest_route=%2Fwp%2Fv2%2Fcategories&post=64243"},{"taxonomy":"post_tag","embeddable":true,"href":"https:\/\/zonaroja.com.mx\/index.php?rest_route=%2Fwp%2Fv2%2Ftags&post=64243"}],"curies":[{"name":"wp","href":"https:\/\/api.w.org\/{rel}","templated":true}]}}