{"id":64248,"date":"2024-01-15T09:00:00","date_gmt":"2024-01-15T15:00:00","guid":{"rendered":"http:\/\/www.zonaroja.com.mx\/?p=64248"},"modified":"2024-01-15T07:53:54","modified_gmt":"2024-01-15T13:53:54","slug":"matan-en-chiapas-a-escolta-de-edil-de-tapanatepec-oaxaca","status":"publish","type":"post","link":"https:\/\/zonaroja.com.mx\/?p=64248","title":{"rendered":"Matan en Chiapas a escolta de edil de Tapanatepec, Oaxaca"},"content":{"rendered":"\n<p>Raymundo Morales\/Ismael Garc\u00eda M.\/Zona Roja.<\/p>\n\n\n\n<p>Oaxaca de Ju\u00e1rez, Oax., a 15 de enero de 2024.- Un elemento de la Polic\u00eda Estatal de Oaxaca asignado como escolta del presidente municipal de San Pedro Tapanatepec, Humberto L\u00f3pez Parrazales, fue hallado muerto en el estado de Chiapas.<\/p>\n\n\n\n<p>De acuerdo con la ficha de b\u00fasqueda, Jos\u00e9 Urbano O. R. Fue reportado como desaparecido el pasado 11 de enero en Tapanatepec; seg\u00fan reportes policiacos, ayer se confirm\u00f3 el hallazgo del cuerpo en la comunidad chiapaneca Rizos de Oro.<\/p>\n\n\n\n<p>Presuntamente presenta impactos de arma de fuego en diversas partes del cuerpo, por lo cual la Fiscal\u00eda General de las respectivas entidades iniciaron las indagatorias correspondientes.<\/p>\n\n\n\n<p>La noticia fue difundida ayer a trav\u00e9s de diversas plataformas de redes sociales, en que un usuario identificado como Mario Guti\u00e9rrez divulg\u00f3 en Facebook que los escoltas, entre ellos el hoy occiso, inger\u00edan bebidas embriagantes el d\u00eda de la desaparici\u00f3n.<\/p>\n\n\n\n<p>\u201cEntre pl\u00e1tica empez\u00f3 a discutir con el presidente de Tapana, Humberto L\u00f3pez, quien horas despu\u00e9s mand\u00f3 a darle un \u2018levant\u00f3n\u2019 por la noche\u201d, refiere, entre otras situaciones.<\/p>\n\n\n\n<p>El edil, del Partido Morena, no se ha deslindado de estos hechos y la Fiscal\u00eda General del Estado de Oaxaca ha abordado esta l\u00ednea de investigaci\u00f3n.<\/p>\n","protected":false},"excerpt":{"rendered":"<p>Raymundo Morales\/Ismael Garc\u00eda M.\/Zona Roja. Oaxaca de Ju\u00e1rez, Oax., a 15 de enero de 2024.-&hellip;<\/p>\n","protected":false},"author":2,"featured_media":64249,"comment_status":"closed","ping_status":"open","sticky":false,"template":"","format":"standard","meta":{"_lmt_disableupdate":"","_lmt_disable":"","_jetpack_memberships_contains_paid_content":false,"footnotes":""},"categories":[109,47],"tags":[3031,206],"class_list":["post-64248","post","type-post","status-publish","format-standard","has-post-thumbnail","hentry","category-minuto-a-minuto","category-zona-gris","tag-humberto-lopez-parrazales","tag-san-pedro-tapanatepec"],"jetpack_featured_media_url":"https:\/\/zonaroja.com.mx\/wp-content\/uploads\/2024\/01\/Jose-Urbano-Tapanatepec.jpg","jetpack_sharing_enabled":true,"_links":{"self":[{"href":"https:\/\/zonaroja.com.mx\/index.php?rest_route=\/wp\/v2\/posts\/64248","targetHints":{"allow":["GET"]}}],"collection":[{"href":"https:\/\/zonaroja.com.mx\/index.php?rest_route=\/wp\/v2\/posts"}],"about":[{"href":"https:\/\/zonaroja.com.mx\/index.php?rest_route=\/wp\/v2\/types\/post"}],"author":[{"embeddable":true,"href":"https:\/\/zonaroja.com.mx\/index.php?rest_route=\/wp\/v2\/users\/2"}],"replies":[{"embeddable":true,"href":"https:\/\/zonaroja.com.mx\/index.php?rest_route=%2Fwp%2Fv2%2Fcomments&post=64248"}],"version-history":[{"count":1,"href":"https:\/\/zonaroja.com.mx\/index.php?rest_route=\/wp\/v2\/posts\/64248\/revisions"}],"predecessor-version":[{"id":64250,"href":"https:\/\/zonaroja.com.mx\/index.php?rest_route=\/wp\/v2\/posts\/64248\/revisions\/64250"}],"wp:featuredmedia":[{"embeddable":true,"href":"https:\/\/zonaroja.com.mx\/index.php?rest_route=\/wp\/v2\/media\/64249"}],"wp:attachment":[{"href":"https:\/\/zonaroja.com.mx\/index.php?rest_route=%2Fwp%2Fv2%2Fmedia&parent=64248"}],"wp:term":[{"taxonomy":"category","embeddable":true,"href":"https:\/\/zonaroja.com.mx\/index.php?rest_route=%2Fwp%2Fv2%2Fcategories&post=64248"},{"taxonomy":"post_tag","embeddable":true,"href":"https:\/\/zonaroja.com.mx\/index.php?rest_route=%2Fwp%2Fv2%2Ftags&post=64248"}],"curies":[{"name":"wp","href":"https:\/\/api.w.org\/{rel}","templated":true}]}}