{"id":64251,"date":"2024-01-15T12:30:00","date_gmt":"2024-01-15T18:30:00","guid":{"rendered":"http:\/\/www.zonaroja.com.mx\/?p=64251"},"modified":"2024-01-15T07:56:08","modified_gmt":"2024-01-15T13:56:08","slug":"confirman-que-el-2023-fue-el-ano-mas-caluroso-de-la-historia","status":"publish","type":"post","link":"https:\/\/zonaroja.com.mx\/?p=64251","title":{"rendered":"Confirman que el 2023 fue el a\u00f1o m\u00e1s caluroso de la historia"},"content":{"rendered":"\n<p>Redacci\u00f3n\/Zona Roja Cdmx.<\/p>\n\n\n\n<p>Ciudad de M\u00e9xico, a 15 de enero de 2024.- La Administraci\u00f3n Nacional estadounidense de Aeron\u00e1utica y el Espacio (NASA) confirm\u00f3 que 2023 ha sido el a\u00f1o m\u00e1s caluroso en la historia desde que comenzaron los registros globales en 1880, con seis meses batiendo cifras r\u00e9cord.<\/p>\n\n\n\n<p>Seg\u00fan un an\u00e1lisis de la NASA, las temperaturas globales del a\u00f1o pasado estuvieron alrededor de 1.2 grados Celsius por encima del promedio para el periodo de referencia de la agencia (1951-1980), seg\u00fan informaron cient\u00edficos del Instituto Goddard de Estudios Espaciales (GISS, en ingl\u00e9s).<\/p>\n\n\n\n<p>\u201cEl informe de temperatura global de la NASA y la NOAA confirma lo que miles de millones de personas en todo el mundo experimentaron el a\u00f1o pasado. Nos enfrentamos a una crisis clim\u00e1tica\u201d que va del \u201ccalor extremo hasta los incendios forestales y el aumento del nivel del mar\u201c, manifest\u00f3 el administrador de la NASA, Bill Nelson.<\/p>\n\n\n\n<p>Este r\u00e9cord en las temperaturas coincide con un a\u00f1o de \u201ccondiciones meteorol\u00f3gicas extremas en todo el planeta\u201d que, solo en Estados Unidos, han provocado 25 cat\u00e1strofes que causaron da\u00f1os por un valor de m\u00e1s de mil millones de d\u00f3lares cada una.<\/p>\n\n\n\n<p>En una entrevista con EFE, la cient\u00edfica y meteor\u00f3loga del Centro de Vuelo Espacial Goddard de la NASA, Marangelly Fuentes, dijo que el aumento de las temperaturas \u201cno choc\u00f3 a los cient\u00edficos\u201d.<\/p>\n\n\n\n<p>Sobre las condiciones meteorol\u00f3gicas extremas, Fuentes matiz\u00f3 que, en los pr\u00f3ximos a\u00f1os, no preocupa tanto el aumento de fen\u00f3menos que pueda haber, sino \u201ccuan destructivos estos desastres naturales se vuelven\u201d.<\/p>\n\n\n\n<p>En la conferencia de presentaci\u00f3n del estudio sobre las temperaturas mundiales de 2023 -que la agencia espacial realiz\u00f3 junto a la Oficina Nacional de Administraci\u00f3n Oce\u00e1nica y Atmosf\u00e9rica (NOAA)-, la cient\u00edfica jefe de la NOAA, Sarah Kapnick, asegur\u00f3 que \u201clos resultados son excepcionales\u201d.<\/p>\n\n\n\n<p>El \u201ccalor excepcional\u201d azot\u00f3 gran parte del mundo, provocando olas \u201cabrasadoras\u201d en Am\u00e9rica del Sur, Jap\u00f3n, Europa y Estados Unidos y en el suroeste de EE.UU., Phoenix (Arizona) tuvo 31 d\u00edas consecutivos de temperaturas superiores a 43.33 grados cent\u00edgrados.<\/p>\n\n\n\n<p>De junio a diciembre se establecieron r\u00e9cords mundiales de temperatura cada mes. Julio fue el mes m\u00e1s caluroso jam\u00e1s registrado.<\/p>\n\n\n\n<p>En la conferencia sobre el informe, el jefe de Vigilancia y Evaluaci\u00f3n del Clima de los Centros Nacionales de Informaci\u00f3n Medioambiental de la NOAA, Russell Vose, explic\u00f3 que las temperaturas de 2023, de media, son unos 0.15 grados cent\u00edgrados m\u00e1s c\u00e1lidas que en 2016.<\/p>\n\n\n\n<p>El reporte se\u00f1ala que el aumento en el calor va \u201cen alza\u201d y, en este sentido, Vose lament\u00f3 que \u201clas concentraciones actuales de di\u00f3xido de carbono son muy elevadas\u201d, un hecho que no ayuda a poder contener dicho crecimiento.<\/p>\n\n\n\n<p>En este sentido, Fuentes a\u00f1adi\u00f3 en la entrevista que mientras los gases de efecto invernadero sigan aumentando, tambi\u00e9n lo har\u00e1 la temperatura global del planeta, por lo que mostr\u00f3 \u201cesperanza\u201d en el acuerdo que se lleg\u00f3 el pasado diciembre en la cumbre del clima de Dub\u00e1i<\/p>\n\n\n\n<p>La COP28 acord\u00f3 iniciar una transici\u00f3n para dejar atr\u00e1s los combustibles f\u00f3siles y as\u00ed poder contener el aumento de la temperatura, pero Fuentes puntualiz\u00f3 que las consecuencias de dicho cambio se van a ver \u201cen un per\u00edodo largo de a\u00f1os\u201d.<\/p>\n\n\n\n<p>Entre otras tragedias naturales sucedidas en 2023, la NASA destaca los incendios forestales masivos en Canad\u00e1 y Haw\u00e1i, y las lluvias intensas en Italia, Grecia, Estados Unidos y Europa Central.<\/p>\n\n\n\n<p>Seg\u00fan la publicaci\u00f3n, tambi\u00e9n bati\u00f3 r\u00e9cords el cicl\u00f3n tropical Freddy, que se convirti\u00f3 en el cicl\u00f3n m\u00e1s prolongado de la historia, devastando zonas de Madagascar y Mozambique con inundaciones y deslizamientos de tierra mortales.<\/p>\n\n\n\n<p>\u201cCada vez se esperan m\u00e1s lluvias y huracanes en zonas que no est\u00e1n acostumbradas a estas condiciones y, por lo tanto, en comunidades que no est\u00e1n preparadas para aguantarlas\u201d, afirm\u00f3 Fuentes, un hecho que relacion\u00f3 con resultados devastadores en dichas \u00e1reas.<\/p>\n\n\n\n<p>Precisamente la Organizaci\u00f3n Meteorol\u00f3gica Mundial (OMM) tambi\u00e9n confirm\u00f3 que 2023 ha sido el a\u00f1o m\u00e1s caluroso del que se tiene registro, pulverizando adem\u00e1s las marcas alcanzadas en 2016 y 2020.<\/p>\n\n\n\n<p>(Con informaci\u00f3n de la agencia EFE)<\/p>\n","protected":false},"excerpt":{"rendered":"<p>Redacci\u00f3n\/Zona Roja Cdmx. Ciudad de M\u00e9xico, a 15 de enero de 2024.- La Administraci\u00f3n Nacional&hellip;<\/p>\n","protected":false},"author":2,"featured_media":43828,"comment_status":"closed","ping_status":"open","sticky":false,"template":"","format":"standard","meta":{"_lmt_disableupdate":"","_lmt_disable":"","_jetpack_memberships_contains_paid_content":false,"footnotes":""},"categories":[109,47],"tags":[3583],"class_list":["post-64251","post","type-post","status-publish","format-standard","has-post-thumbnail","hentry","category-minuto-a-minuto","category-zona-gris","tag-ola-de-calor"],"jetpack_featured_media_url":"https:\/\/zonaroja.com.mx\/wp-content\/uploads\/2022\/07\/Ola-de-calor-Europa.jpeg","jetpack_sharing_enabled":true,"_links":{"self":[{"href":"https:\/\/zonaroja.com.mx\/index.php?rest_route=\/wp\/v2\/posts\/64251","targetHints":{"allow":["GET"]}}],"collection":[{"href":"https:\/\/zonaroja.com.mx\/index.php?rest_route=\/wp\/v2\/posts"}],"about":[{"href":"https:\/\/zonaroja.com.mx\/index.php?rest_route=\/wp\/v2\/types\/post"}],"author":[{"embeddable":true,"href":"https:\/\/zonaroja.com.mx\/index.php?rest_route=\/wp\/v2\/users\/2"}],"replies":[{"embeddable":true,"href":"https:\/\/zonaroja.com.mx\/index.php?rest_route=%2Fwp%2Fv2%2Fcomments&post=64251"}],"version-history":[{"count":1,"href":"https:\/\/zonaroja.com.mx\/index.php?rest_route=\/wp\/v2\/posts\/64251\/revisions"}],"predecessor-version":[{"id":64252,"href":"https:\/\/zonaroja.com.mx\/index.php?rest_route=\/wp\/v2\/posts\/64251\/revisions\/64252"}],"wp:featuredmedia":[{"embeddable":true,"href":"https:\/\/zonaroja.com.mx\/index.php?rest_route=\/wp\/v2\/media\/43828"}],"wp:attachment":[{"href":"https:\/\/zonaroja.com.mx\/index.php?rest_route=%2Fwp%2Fv2%2Fmedia&parent=64251"}],"wp:term":[{"taxonomy":"category","embeddable":true,"href":"https:\/\/zonaroja.com.mx\/index.php?rest_route=%2Fwp%2Fv2%2Fcategories&post=64251"},{"taxonomy":"post_tag","embeddable":true,"href":"https:\/\/zonaroja.com.mx\/index.php?rest_route=%2Fwp%2Fv2%2Ftags&post=64251"}],"curies":[{"name":"wp","href":"https:\/\/api.w.org\/{rel}","templated":true}]}}