{"id":64256,"date":"2024-01-15T08:16:56","date_gmt":"2024-01-15T14:16:56","guid":{"rendered":"http:\/\/www.zonaroja.com.mx\/?p=64256"},"modified":"2024-01-15T08:16:57","modified_gmt":"2024-01-15T14:16:57","slug":"opinion-la-inutilidad-de-los-diputas-federales-oaxaquenos","status":"publish","type":"post","link":"https:\/\/zonaroja.com.mx\/?p=64256","title":{"rendered":"Opini\u00f3n. La inutilidad de los diputas federales oaxaque\u00f1os"},"content":{"rendered":"\n<p>Ismael Garc\u00eda M.\/Zona Roja.<\/p>\n\n\n\n<p>Oaxaca de Ju\u00e1rez, Oax., a 15 de enero de 2024.- En la recta final de 65 Legislatura federal, la productividad de los diputados oaxaque\u00f1os no se ve por ninguna parte.<\/p>\n\n\n\n<p>Pero adem\u00e1s, de los 19 representantes populares \u201413 de ellos de Morena\u2014, nada se sabe de actividades propias de su encargo m\u00e1s que el proselitismo que realizan para seguir en la ubre presupuestal.<\/p>\n\n\n\n<p>Y muchos est\u00e1n a un paso del ostracismo, pues apostaron primero por Susana Harp Iturribarr\u00eda y despu\u00e9s por Marcelo Ebrard, lo que les augura una eminente derrota en su aspiraciones pol\u00edticas.<\/p>\n\n\n\n<p>Lo cierto es que a ninguno de ellos se le ha visto legislando por y para Oaxaca; en cambio, han sido se\u00f1alados, en el sexenio de Alejandro Murat y ahora con Salom\u00f3n Jara Cruz, de crear conflictos para la entidad.<\/p>\n\n\n\n<p>La mayor\u00eda tambi\u00e9n, sigue empecinado en \u201cgestiones\u201d para los municipios, pero a cambio de los llamados \u201cmoches\u201d y\/o que sus empresas construyan las obras.<\/p>\n\n\n\n<p>Muchos apuestan ahora por Claudia Sheinbaum para salvarse y seguir disfrutando de los m\u00faltiples beneficios presupuestales\u2026 pero no les perdonar\u00e1n sus traiciones.<\/p>\n\n\n\n<p>LOS MORENISTAS<\/p>\n\n\n\n<p>La mayor\u00eda de los diputados federales son del Partido Morena, pero tambi\u00e9n ajenos al proyecto de Jara Cruz, por lo cual tienen un futuro pol\u00edtico incierto en la pr\u00f3xima conformaci\u00f3n cameral.<\/p>\n\n\n\n<p>Son 13 morenistas que aparecen en la lista del portal de internet de la 65 Legislatura como legisladores oaxaque\u00f1os, no obstante de varios de ellos se desconoce su actividad e incluso su origen.<\/p>\n\n\n\n<p>Por ejemplo Zeuz Garc\u00eda Sandoval y Alfredo Aurelio, que lograron la curul por la v\u00eda plurinominal pero en absoluto se conoce si son originarios del estado.<\/p>\n\n\n\n<p>Otros casos son los de Mar\u00eda del Carmen Bautista Pel\u00e1ez, del distrito IX con cabecera en Puerto Escondido; Beatriz Dominga P\u00e9rez L\u00f3pez, del distrito VI Tlaxiaco, que si bien ganaron en las urnas, tampoco se conoce su labor. En similar condici\u00f3n Rosalinda Dom\u00ednguez Flores, ex legisladora local en cuyo cargo tampoco atendi\u00f3 a sus representados.<\/p>\n\n\n\n<p>De los de siempre, y que apostaron para perder, est\u00e1n Daniel Guti\u00e9rrez Guti\u00e9rrez, del distrito X Miahuatl\u00e1n, se\u00f1alado de provocar conflictos en la Sierra Sur y de armar protestas contra el actual mandatario estatal.<\/p>\n\n\n\n<p>Tambi\u00e9n Carol Altamirano, distrito V, eterno legislador ex perredista, quien s\u00f3lo brinca de cargo en cargo pero no se ve su participaci\u00f3n en la C\u00e1mara alta, m\u00e1s que sus ambiciones por seguir viviendo del erario legislativo, pese a su favoritismo hacia Ebrard.&nbsp;<\/p>\n\n\n\n<p>Est\u00e1 adem\u00e1s el caso de Azalea Santiago Chepi, distrito IV, quien es legislador por segunda vez, acude a su regi\u00f3n pero s\u00f3lo para intentar repetir en el cargo; no obstante, es notoria su animadversi\u00f3n hacia Salom\u00f3n Jara y su afici\u00f3n por las bebidas alcoh\u00f3licas.<\/p>\n\n\n\n<p>Es el mismo caso de otros dos integrantes de la Secci\u00f3n 22 del SNTE, Ir\u00e1n Santiago Manuel y Jorge \u00c1ngel Sibaja Mendoza, que poco les import\u00f3 traicionar al movimiento magisterial con tal de conseguir una curul plurinominal, desde donde se han confrontado con el gobernador, por apostar por otros proyectos pol\u00edticos.<\/p>\n\n\n\n<p>Armando Contreras Castillo es diputado tambi\u00e9n plurinominal pero sin ning\u00fan aporte para Oaxaca m\u00e1s que para el proyecto llamado Ericel G\u00f3mez; respald\u00f3 en su momento a Susana Harp y luego a Marcelo Ebrard, y ahora para seguir en el poder, supuestamente apoya a Claudia Sheinbaum.<\/p>\n\n\n\n<p>\u00bfY qu\u00e9 tal con \u00c1ngel Dom\u00ednguez Escobar? Antes furibundo defensor del PRI y de Alejandro Murat, se volc\u00f3 adem\u00e1s en apoyo de la senadora Susana Harp como candidata a gobernadora y despu\u00e9s con Ebrard como candidato presidencial.<\/p>\n\n\n\n<p>Pero en los dos casos perdi\u00f3 y ahora no tiene futuro m\u00e1s que tratar de justificar todo el dinero que se gast\u00f3 en campa\u00f1as proselitistas en la regi\u00f3n Cuenca.<\/p>\n\n\n\n<p>Acaso la \u00fanica jarista por conveniencia es Irma Juan Carlos, distrito II, quien mantiene una permanente campa\u00f1a pero para reelegirse, no para servir a las comunidades.<\/p>\n\n\n\n<p>\u00bfY LOS PRIISTAS?<\/p>\n\n\n\n<p>A nivel federal, el PRI mantiene cierto peso en las decisiones del Poder Legislativo, tanto en la C\u00e1mara alta como en la baja, e incluso en conjunto con la oposici\u00f3n a Morena, ha ganado batallas para rechazar propuestas legislativas del Presidente Andr\u00e9s Manuel L\u00f3pez Obrador.<\/p>\n\n\n\n<p>Pero en ninguno de los casos se han escuchado intervenciones de Mariana Nassar Pi\u00f1eyro y Eufrosina Cruz Mendoza.<\/p>\n\n\n\n<p>La primera literalmente goza de una beca en la 65 Legislatura y tras la derrota de Alexandro Murat Hinojosa, jam\u00e1s volvi\u00f3 al estado.<\/p>\n\n\n\n<p>La segunda no sabe si es panista o es priista pero ha jugado con las dos caras para seguir viviendo del erario desde el Legislativo.<\/p>\n\n\n\n<p>Primero fue diputada local y ahora dos veces federal, pero va por el Senado de la Rep\u00fablica, alentada ahora por la alianza tripartidista y amparada en la fuerza de X\u00f3chitl G\u00e1lvez.<\/p>\n\n\n\n<p>\u201cCHIQUILLADA\u201d ONEROSA<\/p>\n\n\n\n<p>Tambi\u00e9n s\u00f3lo para vivir del presupuesto y beneficiado por la alianza partidista, est\u00e1 Jos\u00e9 Antonio Estefal Guillessen, hijo del connotado priista Jos\u00e9 Antonio Estefan Garfias, por quien gan\u00f3 el distrito VII con cabecera en Ciudad Ixtepec.<\/p>\n\n\n\n<p>Pero no ha regresado a su regi\u00f3n m\u00e1s que para campa\u00f1as pol\u00edticas; un individuo gris que cuando fue dirigente del Partido Verde Ecologista, s\u00f3lo logr\u00f3 crear conflictos.<\/p>\n\n\n\n<p>\u00bfY los petistas? Benjan\u00edn Robles Montoya y su esposa Maribel Mart\u00ednez tambi\u00e9n mantienen una fuerte campa\u00f1a promocional para seguir pegados a los grandes beneficios econ\u00f3micos y pol\u00edticos de la C\u00e1mara alta.<\/p>\n\n\n\n<p>Ahora insisten en repetir en los cargos, el primero de ellos como senador, la segunda como legisladora, con tanta ansia que mantienen un fuerte pleito interno con otra corriente pol\u00edtica. Se han convertido, en realidad, en los caciques del PT que s\u00f3lo buscan vivir del erario.<\/p>\n\n\n\n<p>\u00bfAlguien sabe de Margarita Garc\u00eda Garc\u00eda? Ha sido favorecida tambi\u00e9n en varias ocasiones por los cargos legislativos pero en absoluto ha regresado al estado lo mucho que ha recibido.<\/p>\n\n\n\n<p>Lo cierto que para los morenistas y sus aliados, la llamada austeridad y la honrada median\u00eda nada m\u00e1s se les da. No hay cambios, no cambian, m\u00e1s que color monetario para acceder a cargos p\u00fablicos. No aportan nada a Oaxaca y, por supuesto, a la llamada \u201cCuarta Transformaci\u00f3n\u201d.<\/p>\n","protected":false},"excerpt":{"rendered":"<p>Ismael Garc\u00eda M.\/Zona Roja. Oaxaca de Ju\u00e1rez, Oax., a 15 de enero de 2024.- En&hellip;<\/p>\n","protected":false},"author":2,"featured_media":41735,"comment_status":"closed","ping_status":"open","sticky":false,"template":"","format":"standard","meta":{"_lmt_disableupdate":"","_lmt_disable":"","_jetpack_memberships_contains_paid_content":false,"footnotes":""},"categories":[456,109,48],"tags":[1353],"class_list":["post-64256","post","type-post","status-publish","format-standard","has-post-thumbnail","hentry","category-columna","category-minuto-a-minuto","category-zona-critica","tag-opinion-zona-critica"],"jetpack_featured_media_url":"https:\/\/zonaroja.com.mx\/wp-content\/uploads\/2022\/05\/Opinion-Ismael-Garcia-M.jpg","jetpack_sharing_enabled":true,"_links":{"self":[{"href":"https:\/\/zonaroja.com.mx\/index.php?rest_route=\/wp\/v2\/posts\/64256","targetHints":{"allow":["GET"]}}],"collection":[{"href":"https:\/\/zonaroja.com.mx\/index.php?rest_route=\/wp\/v2\/posts"}],"about":[{"href":"https:\/\/zonaroja.com.mx\/index.php?rest_route=\/wp\/v2\/types\/post"}],"author":[{"embeddable":true,"href":"https:\/\/zonaroja.com.mx\/index.php?rest_route=\/wp\/v2\/users\/2"}],"replies":[{"embeddable":true,"href":"https:\/\/zonaroja.com.mx\/index.php?rest_route=%2Fwp%2Fv2%2Fcomments&post=64256"}],"version-history":[{"count":1,"href":"https:\/\/zonaroja.com.mx\/index.php?rest_route=\/wp\/v2\/posts\/64256\/revisions"}],"predecessor-version":[{"id":64257,"href":"https:\/\/zonaroja.com.mx\/index.php?rest_route=\/wp\/v2\/posts\/64256\/revisions\/64257"}],"wp:featuredmedia":[{"embeddable":true,"href":"https:\/\/zonaroja.com.mx\/index.php?rest_route=\/wp\/v2\/media\/41735"}],"wp:attachment":[{"href":"https:\/\/zonaroja.com.mx\/index.php?rest_route=%2Fwp%2Fv2%2Fmedia&parent=64256"}],"wp:term":[{"taxonomy":"category","embeddable":true,"href":"https:\/\/zonaroja.com.mx\/index.php?rest_route=%2Fwp%2Fv2%2Fcategories&post=64256"},{"taxonomy":"post_tag","embeddable":true,"href":"https:\/\/zonaroja.com.mx\/index.php?rest_route=%2Fwp%2Fv2%2Ftags&post=64256"}],"curies":[{"name":"wp","href":"https:\/\/api.w.org\/{rel}","templated":true}]}}