{"id":64258,"date":"2024-01-15T17:27:12","date_gmt":"2024-01-15T23:27:12","guid":{"rendered":"http:\/\/www.zonaroja.com.mx\/?p=64258"},"modified":"2024-01-15T17:28:40","modified_gmt":"2024-01-15T23:28:40","slug":"inseguridad-se-agrava-en-la-capital-a-plena-luz-del-dia-ahora-robo-cuantioso-a-periodistas","status":"publish","type":"post","link":"https:\/\/zonaroja.com.mx\/?p=64258","title":{"rendered":"Inseguridad se agrava en la capital a plena luz del d\u00eda; ahora robo cuantioso a periodistas"},"content":{"rendered":"\n<p>Yuridiana Sosa\/Zona Roja.<\/p>\n\n\n\n<p>Oaxaca de Ju\u00e1rez, Oax., a 15 de enero de 2024.- La inseguridad en la capital del estado de Oaxaca est\u00e1 imparable y pese a que existen zonas plenamente identificadas como \u00abfocos rojos\u201d por el alto \u00edndice de hechos, el gobierno municipal de Francisco Mart\u00ednez Neri ha evitado aplicar acciones a favor de los oaxaque\u00f1os.<\/p>\n\n\n\n<p>Este lunes los hechos de violencia alcanzaron a los periodistas, quienes fueron v\u00edctimas de un cuantioso robo en el estacionamiento del mercado zonal de Santa Rosa Panzacola,&nbsp;entre las 9:50 y las 10:15 horas de esta ma\u00f1ana.<\/p>\n\n\n\n<p>El periodista Jorge Morales, corresponsal de N M\u00e1s Noticias, de Televisa,&nbsp; report\u00f3 el robo de su equipo de trabajo, el cual fue sustra\u00eddo del interior de su veh\u00edculo.<\/p>\n\n\n\n<p>De acuerdo al comunicador, el equipo robado consta de una c\u00e1mara Panasonic, dos bater\u00edas, una c\u00e1mara Canon SLR (Lentes 50mm y 18-200 Sigma); un tripi\u00e9 grande y un tripi\u00e9 peque\u00f1o; una l\u00e1mpara Manfrotto, bolsa ri\u00f1onera Dos Erre.<\/p>\n\n\n\n<p>Adem\u00e1s de un sistema inal\u00e1mbrico Sennheiser, tres tarjetas de memoria P2 y aud\u00edfonos, todo ello&nbsp;por varios miles de pesos.<\/p>\n\n\n\n<p>Ante los hechos, el periodista se\u00f1al\u00f3: \u201cEl deterioro de la seguridad que vivimos e informamos cada d\u00eda en la ciudad de Oaxaca, ya nos alcanz\u00f3. En pleno acceso principal del mercado de Santa Rosa Panzacola abrieron nuestro veh\u00edculo y se llevaron todo el equipo de trabajo\u201d.<\/p>\n\n\n\n<p>Como parte de su labor diaria, Jorge Morales conoce que los robos son habituales en la zona, pero \u201cincre\u00edblemente las autoridades no han instalado c\u00e1maras de seguridad ni han reforzado la presencia polic\u00edaca\u201d.<\/p>\n\n\n\n<p>Por los hechos, el afectado interpuso la denuncia correspondiente ante la Fiscal\u00eda General del Estado, de la que se expres\u00f3: \u201cLas denuncias ante la Fiscal\u00eda se hacen por protocolo, porque en realidad, eso y nada es lo mismo\u201d.<\/p>\n\n\n\n<p>Por su parte, la Fiscal\u00eda de Oaxaca, anunci\u00f3 que indaga sobre el robo de este equipo.<\/p>\n","protected":false},"excerpt":{"rendered":"<p>Yuridiana Sosa\/Zona Roja. Oaxaca de Ju\u00e1rez, Oax., a 15 de enero de 2024.- La inseguridad&hellip;<\/p>\n","protected":false},"author":2,"featured_media":64260,"comment_status":"closed","ping_status":"open","sticky":false,"template":"","format":"standard","meta":{"_lmt_disableupdate":"","_lmt_disable":"","_jetpack_memberships_contains_paid_content":false,"footnotes":""},"categories":[109,47],"tags":[148],"class_list":["post-64258","post","type-post","status-publish","format-standard","has-post-thumbnail","hentry","category-minuto-a-minuto","category-zona-gris","tag-oaxaca-de-juarez"],"jetpack_featured_media_url":"https:\/\/zonaroja.com.mx\/wp-content\/uploads\/2024\/01\/Robo-a-vehiculo-periodistas-Oaxaca-capital.jpeg","jetpack_sharing_enabled":true,"_links":{"self":[{"href":"https:\/\/zonaroja.com.mx\/index.php?rest_route=\/wp\/v2\/posts\/64258","targetHints":{"allow":["GET"]}}],"collection":[{"href":"https:\/\/zonaroja.com.mx\/index.php?rest_route=\/wp\/v2\/posts"}],"about":[{"href":"https:\/\/zonaroja.com.mx\/index.php?rest_route=\/wp\/v2\/types\/post"}],"author":[{"embeddable":true,"href":"https:\/\/zonaroja.com.mx\/index.php?rest_route=\/wp\/v2\/users\/2"}],"replies":[{"embeddable":true,"href":"https:\/\/zonaroja.com.mx\/index.php?rest_route=%2Fwp%2Fv2%2Fcomments&post=64258"}],"version-history":[{"count":1,"href":"https:\/\/zonaroja.com.mx\/index.php?rest_route=\/wp\/v2\/posts\/64258\/revisions"}],"predecessor-version":[{"id":64259,"href":"https:\/\/zonaroja.com.mx\/index.php?rest_route=\/wp\/v2\/posts\/64258\/revisions\/64259"}],"wp:featuredmedia":[{"embeddable":true,"href":"https:\/\/zonaroja.com.mx\/index.php?rest_route=\/wp\/v2\/media\/64260"}],"wp:attachment":[{"href":"https:\/\/zonaroja.com.mx\/index.php?rest_route=%2Fwp%2Fv2%2Fmedia&parent=64258"}],"wp:term":[{"taxonomy":"category","embeddable":true,"href":"https:\/\/zonaroja.com.mx\/index.php?rest_route=%2Fwp%2Fv2%2Fcategories&post=64258"},{"taxonomy":"post_tag","embeddable":true,"href":"https:\/\/zonaroja.com.mx\/index.php?rest_route=%2Fwp%2Fv2%2Ftags&post=64258"}],"curies":[{"name":"wp","href":"https:\/\/api.w.org\/{rel}","templated":true}]}}