{"id":6426,"date":"2019-12-06T21:15:54","date_gmt":"2019-12-07T03:15:54","guid":{"rendered":"https:\/\/www.zonaroja.com.mx\/?p=6426"},"modified":"2019-12-06T21:15:56","modified_gmt":"2019-12-07T03:15:56","slug":"aprueba-el-congreso-local-desaparicion-del-programa-reto-de-la-semovi","status":"publish","type":"post","link":"https:\/\/zonaroja.com.mx\/?p=6426","title":{"rendered":"Aprueba el Congreso local desaparici\u00f3n del programa RETO de la Semovi"},"content":{"rendered":"\n<p class=\"p1\">Redacci\u00f3n\/Zona Roja.<\/p>\n\n\n\n<p class=\"p1\">Oaxaca de Ju\u00e1rez, Oax.. 6 de diciembre de 2019.- Con 30 votos a favor, integrantes de la 64 Legislatura, aprobaron desaparecer el programa Registro Estatal de Transporte de Oaxaca (RETO), implementado por la Secretaria de Movilidad desde que el 2018 y que caus\u00f3 indignaci\u00f3n de la comunidad transportista.&nbsp;<\/p>\n\n\n\n<p class=\"p1\">Lo anterior a iniciativa de los diputados Emilio Joaquin Garc\u00eda Aguilar y Horacio Sosa Villavicencio, quienes consideraron viable exhortar a la titular de la instancia estatal, Mariana Nassar Pi\u00f1eyro, para&nbsp;dejar sin efecto el acuerdo administrativo por el que se implementa la integraci\u00f3n y administraci\u00f3n del registro.&nbsp;<\/p>\n\n\n\n<p class=\"p1\">De acuerdo con la exposici\u00f3n de motivos, desde el momento de su publicaci\u00f3n, los transportistas manifestaron la necesidad de regular y controlar la informaci\u00f3n relativa al servicio&nbsp; que prestan en la entidad, pero a su vez expresaron su inconformidad en la forma en la que se pretend\u00eda llevar a cabo.&nbsp;<\/p>\n\n\n\n<p class=\"p1\">Ello debido a que las autoridades solicitaban una serie de requisitos que desde el momento de otorgar la concesi\u00f3n deb\u00eda estar en manos de las autoridades de la Semovi, por lo que calificaron de \u201cocioso\u201d el procedimiento implementado, adem\u00e1s de ser evidente que obedec\u00eda m\u00e1s a un fin recaudatorio que simplificar o facilitar los procedimientos administrativos.<\/p>\n\n\n\n<p class=\"p2\">De acuerdo con lo expuesto en la propuesta el programa RETO genera una irregularidad que puede provocar lesiones irreparables en perjuicio de la econom\u00eda de los concesionarios, ya que resulta oneroso, genera mayores cargas fiscales, que repercute tanto en sus ingresos como en las tarifas que en un momento dado debe de pagar el usuario, adem\u00e1s de que va en contra de la Ley de Transporte para el Estado de Oaxaca y su Reglamento.<\/p>\n\n\n\n<p class=\"p1\">As\u00ed mismo, contraviene lo dispuesto en los art\u00edculos 5 y 11 de la Constituci\u00f3n Pol\u00edtica de los Estados Unidos Mexicanos, que tutelan el derecho fundamental al trabajo y al libre tr\u00e1nsito, cuyo ejercicio no puede restringirse bajo la implementaci\u00f3n de un programa que proh\u00edbe la circulaci\u00f3n del transporte p\u00fablico que no aparezca en el registro.&nbsp;<\/p>\n\n\n\n<p class=\"p1\">Por lo que anterior insistieron y lograron la aprobaci\u00f3n del punto de acuerdo que exhorta de manera respetuosa a la titular de la Semovi, Mariana Nassar Pi\u00f1eyro, para su dejar sin efecto el acuerdo administrativo que avala el programa Registro Estatal de Transporte de Oaxaca y que fue presentado oficialmente por el gobernador del estado, Alejandro Murat Hinojosa, en diciembre del 2018.&nbsp;<\/p>\n\n\n\n<p class=\"p1\">El dictamen fue presentado por la Comisi\u00f3n Permanente de Movilidad, que preside la diputada por el PRI, Yarit Thanos.&nbsp;<\/p>\n","protected":false},"excerpt":{"rendered":"<p>Redacci\u00f3n\/Zona Roja. Oaxaca de Ju\u00e1rez, Oax.. 6 de diciembre de 2019.- Con 30 votos a&hellip;<\/p>\n","protected":false},"author":2,"featured_media":6136,"comment_status":"closed","ping_status":"open","sticky":false,"template":"","format":"standard","meta":{"_lmt_disableupdate":"","_lmt_disable":"","_jetpack_memberships_contains_paid_content":false,"footnotes":""},"categories":[109,47],"tags":[624],"class_list":["post-6426","post","type-post","status-publish","format-standard","has-post-thumbnail","hentry","category-minuto-a-minuto","category-zona-gris","tag-secretaria-de-movilidad"],"jetpack_featured_media_url":"https:\/\/zonaroja.com.mx\/wp-content\/uploads\/2019\/11\/Congreso-Oaxaca.jpg","jetpack_sharing_enabled":true,"_links":{"self":[{"href":"https:\/\/zonaroja.com.mx\/index.php?rest_route=\/wp\/v2\/posts\/6426","targetHints":{"allow":["GET"]}}],"collection":[{"href":"https:\/\/zonaroja.com.mx\/index.php?rest_route=\/wp\/v2\/posts"}],"about":[{"href":"https:\/\/zonaroja.com.mx\/index.php?rest_route=\/wp\/v2\/types\/post"}],"author":[{"embeddable":true,"href":"https:\/\/zonaroja.com.mx\/index.php?rest_route=\/wp\/v2\/users\/2"}],"replies":[{"embeddable":true,"href":"https:\/\/zonaroja.com.mx\/index.php?rest_route=%2Fwp%2Fv2%2Fcomments&post=6426"}],"version-history":[{"count":1,"href":"https:\/\/zonaroja.com.mx\/index.php?rest_route=\/wp\/v2\/posts\/6426\/revisions"}],"predecessor-version":[{"id":6427,"href":"https:\/\/zonaroja.com.mx\/index.php?rest_route=\/wp\/v2\/posts\/6426\/revisions\/6427"}],"wp:featuredmedia":[{"embeddable":true,"href":"https:\/\/zonaroja.com.mx\/index.php?rest_route=\/wp\/v2\/media\/6136"}],"wp:attachment":[{"href":"https:\/\/zonaroja.com.mx\/index.php?rest_route=%2Fwp%2Fv2%2Fmedia&parent=6426"}],"wp:term":[{"taxonomy":"category","embeddable":true,"href":"https:\/\/zonaroja.com.mx\/index.php?rest_route=%2Fwp%2Fv2%2Fcategories&post=6426"},{"taxonomy":"post_tag","embeddable":true,"href":"https:\/\/zonaroja.com.mx\/index.php?rest_route=%2Fwp%2Fv2%2Ftags&post=6426"}],"curies":[{"name":"wp","href":"https:\/\/api.w.org\/{rel}","templated":true}]}}