{"id":64261,"date":"2024-01-15T17:40:56","date_gmt":"2024-01-15T23:40:56","guid":{"rendered":"http:\/\/www.zonaroja.com.mx\/?p=64261"},"modified":"2024-01-15T17:40:58","modified_gmt":"2024-01-15T23:40:58","slug":"confirman-los-servicios-de-salud-un-deceso-por-covid-19-este-ano","status":"publish","type":"post","link":"https:\/\/zonaroja.com.mx\/?p=64261","title":{"rendered":"Confirman los Servicios de Salud un deceso por Covid-19 este a\u00f1o"},"content":{"rendered":"\n<p>Redacci\u00f3n\/Zona Roja. Foto: Ilustraci\u00f3n.<\/p>\n\n\n\n<p>Oaxaca de Ju\u00e1rez, Oax. 15 de enero de 2024.- La dependencia Servicios de Salud de Oaxaca (SSO) rechaz\u00f3 que haya saturaci\u00f3n de hospitales por el incremento de casos de Covid-19 en la entidad, como lo dio a conocer la Secretar\u00eda de Salud federal.<\/p>\n\n\n\n<p>Sin embargo, reconoci\u00f3 que en los primeros d\u00edas de este a\u00f1o se registr\u00f3 el deceso de una mujer de 86 a\u00f1os de edad a causa de esa pandemia y hay adem\u00e1s un caso confirmado de contagio.<\/p>\n\n\n\n<p>En un comunicado, con base en las declaraciones que hizo la titular Alma Lilia Velasco Hern\u00e1ndez en la conferencia de prensa del gobernador Salom\u00f3n Jara, inform\u00f3 que \u201cen las \u00faltimas cinco semanas epidemiol\u00f3gicas no se ha registrado un incremento de casos por Covid-19\u201d. &nbsp;&nbsp;<\/p>\n\n\n\n<p>Precis\u00f3 que en la semana epidemiol\u00f3gica n\u00famero dos de este 2024, se registr\u00f3 un caso confirmado y la lamentable defunci\u00f3n de una mujer de 86 a\u00f1os, sin embargo, \u201cno se reporta saturaci\u00f3n de la red m\u00e9dica por este padecimiento\u201d.<\/p>\n\n\n\n<p>Exhort\u00f3 a todas las personas mayores de cinco a\u00f1os de edad, con factores de riesgo y sin antecedentes de vacunaci\u00f3n o con esquema incompleto, que requieran su vacuna de refuerzo, para que acudan a los centros de salud a aplicarse de manera gratuita el biol\u00f3gico Abdala.&nbsp;<\/p>\n\n\n\n<p>Por otra parte, se\u00f1al\u00f3 que al corte de la semana epidemiol\u00f3gica n\u00famero dos del 2024, se tienen registrados 88 casos acumulados de Enfermedad Tipo Influenza (ETI) e Infecciones Respiratorias Agudas Graves (IRAG).<\/p>\n\n\n\n<p>Respecto a la temporada de influenza estacional 2023-2024 (que abarca de la semana epidemiol\u00f3gica n\u00famero 40 del 2023 a la semana n\u00famero 20 del 2024), se reportaron 41 casos confirmados y dos defunciones acumuladas ya que en las \u00faltimas cuatro semanas no se han registrado decesos nuevos.<\/p>\n\n\n\n<p>Velasco Hern\u00e1ndez dijo que la ocupaci\u00f3n hospitalaria por IRAG es del 18.6 por ciento, rango por debajo del 50 por ciento considerado de riesgo y dentro de lo esperado respecto a la misma semana del 2023.<\/p>\n\n\n\n<p>Dio a conocer que en el Hospital General Doctor Aurelio Valdivieso se encuentran internadas nueve pacientes \u2013entre menores de un a\u00f1o de y mayores de 65- por Infecciones Respiratorias Agudas Graves. En San Pedro Pochutla tres pacientes son mayores de 60 a\u00f1os y en Sola de Vega dos son menores de un a\u00f1o de edad.&nbsp;&nbsp;<\/p>\n\n\n\n<p>La funcionaria se\u00f1al\u00f3 que los SSO contin\u00faan de manera permanente con la Vigilancia Epidemiol\u00f3gica de las Enfermedades Respiratorias, por lo que mantendr\u00e1 informada a la poblaci\u00f3n ante el incremento del riesgo en caso de que as\u00ed suceda.&nbsp;<\/p>\n","protected":false},"excerpt":{"rendered":"<p>Redacci\u00f3n\/Zona Roja. Foto: Ilustraci\u00f3n. Oaxaca de Ju\u00e1rez, Oax. 15 de enero de 2024.- La dependencia&hellip;<\/p>\n","protected":false},"author":2,"featured_media":21799,"comment_status":"closed","ping_status":"open","sticky":false,"template":"","format":"standard","meta":{"_lmt_disableupdate":"","_lmt_disable":"","_jetpack_memberships_contains_paid_content":false,"footnotes":""},"categories":[109,47],"tags":[3669,1005],"class_list":["post-64261","post","type-post","status-publish","format-standard","has-post-thumbnail","hentry","category-minuto-a-minuto","category-zona-gris","tag-covid-19","tag-servicios-de-salud-de-oaxaca-sso"],"jetpack_featured_media_url":"https:\/\/zonaroja.com.mx\/wp-content\/uploads\/2020\/12\/Covid-intubados.jpg","jetpack_sharing_enabled":true,"_links":{"self":[{"href":"https:\/\/zonaroja.com.mx\/index.php?rest_route=\/wp\/v2\/posts\/64261","targetHints":{"allow":["GET"]}}],"collection":[{"href":"https:\/\/zonaroja.com.mx\/index.php?rest_route=\/wp\/v2\/posts"}],"about":[{"href":"https:\/\/zonaroja.com.mx\/index.php?rest_route=\/wp\/v2\/types\/post"}],"author":[{"embeddable":true,"href":"https:\/\/zonaroja.com.mx\/index.php?rest_route=\/wp\/v2\/users\/2"}],"replies":[{"embeddable":true,"href":"https:\/\/zonaroja.com.mx\/index.php?rest_route=%2Fwp%2Fv2%2Fcomments&post=64261"}],"version-history":[{"count":1,"href":"https:\/\/zonaroja.com.mx\/index.php?rest_route=\/wp\/v2\/posts\/64261\/revisions"}],"predecessor-version":[{"id":64262,"href":"https:\/\/zonaroja.com.mx\/index.php?rest_route=\/wp\/v2\/posts\/64261\/revisions\/64262"}],"wp:featuredmedia":[{"embeddable":true,"href":"https:\/\/zonaroja.com.mx\/index.php?rest_route=\/wp\/v2\/media\/21799"}],"wp:attachment":[{"href":"https:\/\/zonaroja.com.mx\/index.php?rest_route=%2Fwp%2Fv2%2Fmedia&parent=64261"}],"wp:term":[{"taxonomy":"category","embeddable":true,"href":"https:\/\/zonaroja.com.mx\/index.php?rest_route=%2Fwp%2Fv2%2Fcategories&post=64261"},{"taxonomy":"post_tag","embeddable":true,"href":"https:\/\/zonaroja.com.mx\/index.php?rest_route=%2Fwp%2Fv2%2Ftags&post=64261"}],"curies":[{"name":"wp","href":"https:\/\/api.w.org\/{rel}","templated":true}]}}