{"id":64263,"date":"2024-01-15T19:32:56","date_gmt":"2024-01-16T01:32:56","guid":{"rendered":"http:\/\/www.zonaroja.com.mx\/?p=64263"},"modified":"2024-01-15T19:32:58","modified_gmt":"2024-01-16T01:32:58","slug":"congreso-estatal-se-deslinda-de-diminucion-de-recursos-a-xoxocotlan","status":"publish","type":"post","link":"https:\/\/zonaroja.com.mx\/?p=64263","title":{"rendered":"Congreso estatal se deslinda de diminuci\u00f3n de recursos a Xoxocotl\u00e1n"},"content":{"rendered":"\n<p>Yuridiana Sosa\/Zona Roja.<\/p>\n\n\n\n<p>Oaxaca de Ju\u00e1rez, Oax., a 15 de enero de 2024.- La 65 Legislatura del Congreso de Oaxaca se deslind\u00f3 de la disminuci\u00f3n de recursos presupuestales para el municipio de Santa Cruz Xoxocotl\u00e1n.<\/p>\n\n\n\n<p>Asimismo, inform\u00f3 que, desde comisiones, sigue en an\u00e1lisis de la solicitud del gobernador Salom\u00f3n Jara Cruz sobre una reestructuraci\u00f3n de la deuda p\u00fablica, presentada la semana pasada.<\/p>\n\n\n\n<p>En conferencia de prensa de legisladores encabezados por el presidente de la Junta de Coordinaci\u00f3n Pol\u00edtica (Jucopo), Sergio L\u00f3pez, integrantes de las Comisiones de Presupuesto y Programaci\u00f3n, as\u00ed como de Hacienda, aclararon que el Congreso no fue el responsable de la reducci\u00f3n del presupuesto del Ramo 28 para Xoxocotl\u00e1n.<\/p>\n\n\n\n<p>Explicaron que el recurso para el ejercicio 2024 se basa en los ingresos municipales que recibe un ayuntamiento en el ejercicio 2022, en ese sentido, Xoxocotl\u00e1n recibi\u00f3 21 millones de pesos, lo que fue menor a los a\u00f1os anteriores de 2021 y 2020, con un monto de 67 millones de pesos.<\/p>\n\n\n\n<p>Dada las circunstancias, apuntaron que la disminuci\u00f3n del Ramo 28 es una \u201cconsecuencia de haber bajado el monto de recaudaci\u00f3n municipal en el ejercicio municipal\u201d.<\/p>\n\n\n\n<p>El diputado Sergio L\u00f3pez S\u00e1nchez expres\u00f3 que es responsabilidad de los gobiernos municipales la recaudaci\u00f3n y de informar al \u00d3rgano Superior de Fiscalizaci\u00f3n sobre los ingresos propios.&nbsp;<\/p>\n\n\n\n<p>CASO PR\u00c9STAMO<\/p>\n\n\n\n<p>Por otra parte, el integrante de la Comisi\u00f3n de Presupuesto y Programaci\u00f3n, L\u00f3pez S\u00e1nchez, aclar\u00f3 en conferencia de prensa que no se trata de una nueva deuda p\u00fablica para los oaxaque\u00f1os.<\/p>\n\n\n\n<p>Precis\u00f3 que el planteamiento del Poder Ejecutivo est\u00e1 enfocado a una reestructuraci\u00f3n de la deuda de largo plazo heredada por los anteriores sexenios.<\/p>\n\n\n\n<p>La solicitud sigue en estudio y m\u00e1s adelante la 65 Legislatura ampliar\u00e1 la informaci\u00f3n, indic\u00f3 el diputado morenista.<\/p>\n\n\n\n<p>El planteamiento del gobernador de Oaxaca es que se autorice un cr\u00e9dito por 16 mil 408 millones 640.96 pesos y otro hasta por 503 millones de pesos.<\/p>\n\n\n\n<p>De acuerdo con la petici\u00f3n enviada por la Consejer\u00eda Jur\u00eddica y Asistencia Legal, del Gobierno del Estado, es para refinanciar la deuda p\u00fablica heredada de la administraci\u00f3n anterior, que encabez\u00f3 el ex priista Alejandro Murat.<\/p>\n\n\n\n<p>Con dicho recurso, explic\u00f3, \u201cse alcanzar\u00e1 un uso m\u00e1s racional y eficiente de las fuentes de pago del estado y se mejoran las condiciones contractuales de los cr\u00e9ditos vigentes\u201d.<\/p>\n\n\n\n<p>Mientras que los 503 millones 046 mil 500.44 pesos, ser\u00e1 \u201cpara constituir fondos de reserva o financiamientos que, en su caso, se celebren para refinanciar y\/o reestructurar los cr\u00e9ditos que forman parte de la deuda p\u00fablica de largo plazo.<\/p>\n","protected":false},"excerpt":{"rendered":"<p>Yuridiana Sosa\/Zona Roja. Oaxaca de Ju\u00e1rez, Oax., a 15 de enero de 2024.- La 65&hellip;<\/p>\n","protected":false},"author":2,"featured_media":64265,"comment_status":"closed","ping_status":"open","sticky":false,"template":"","format":"standard","meta":{"_lmt_disableupdate":"","_lmt_disable":"","_jetpack_memberships_contains_paid_content":false,"footnotes":""},"categories":[109,46],"tags":[2743,3803],"class_list":["post-64263","post","type-post","status-publish","format-standard","has-post-thumbnail","hentry","category-minuto-a-minuto","category-zona-blanca","tag-65-legislatura-del-estado-de-oaxaca","tag-sergio-lopez-sanchez"],"jetpack_featured_media_url":"https:\/\/zonaroja.com.mx\/wp-content\/uploads\/2024\/01\/Conferencia-de-prensa-Congreso-Oaxaca.jpg","jetpack_sharing_enabled":true,"_links":{"self":[{"href":"https:\/\/zonaroja.com.mx\/index.php?rest_route=\/wp\/v2\/posts\/64263","targetHints":{"allow":["GET"]}}],"collection":[{"href":"https:\/\/zonaroja.com.mx\/index.php?rest_route=\/wp\/v2\/posts"}],"about":[{"href":"https:\/\/zonaroja.com.mx\/index.php?rest_route=\/wp\/v2\/types\/post"}],"author":[{"embeddable":true,"href":"https:\/\/zonaroja.com.mx\/index.php?rest_route=\/wp\/v2\/users\/2"}],"replies":[{"embeddable":true,"href":"https:\/\/zonaroja.com.mx\/index.php?rest_route=%2Fwp%2Fv2%2Fcomments&post=64263"}],"version-history":[{"count":1,"href":"https:\/\/zonaroja.com.mx\/index.php?rest_route=\/wp\/v2\/posts\/64263\/revisions"}],"predecessor-version":[{"id":64266,"href":"https:\/\/zonaroja.com.mx\/index.php?rest_route=\/wp\/v2\/posts\/64263\/revisions\/64266"}],"wp:featuredmedia":[{"embeddable":true,"href":"https:\/\/zonaroja.com.mx\/index.php?rest_route=\/wp\/v2\/media\/64265"}],"wp:attachment":[{"href":"https:\/\/zonaroja.com.mx\/index.php?rest_route=%2Fwp%2Fv2%2Fmedia&parent=64263"}],"wp:term":[{"taxonomy":"category","embeddable":true,"href":"https:\/\/zonaroja.com.mx\/index.php?rest_route=%2Fwp%2Fv2%2Fcategories&post=64263"},{"taxonomy":"post_tag","embeddable":true,"href":"https:\/\/zonaroja.com.mx\/index.php?rest_route=%2Fwp%2Fv2%2Ftags&post=64263"}],"curies":[{"name":"wp","href":"https:\/\/api.w.org\/{rel}","templated":true}]}}