{"id":64267,"date":"2024-01-15T21:01:47","date_gmt":"2024-01-16T03:01:47","guid":{"rendered":"http:\/\/www.zonaroja.com.mx\/?p=64267"},"modified":"2024-01-15T21:01:49","modified_gmt":"2024-01-16T03:01:49","slug":"istmo-violento-asesinan-a-una-mujer-balean-e-incendian-camioneta","status":"publish","type":"post","link":"https:\/\/zonaroja.com.mx\/?p=64267","title":{"rendered":"Istmo violento: asesinan a una mujer; balean e incendian camioneta"},"content":{"rendered":"\n<p>Ismael Garc\u00eda M.\/Zona Roja.<\/p>\n\n\n\n<p>Oaxaca de Ju\u00e1rez, Oax., a 15 de enero de 2024.- Ante la nula vigilancia por parte de polic\u00edas locales, en la regi\u00f3n del Istmo este lunes una mujer fue hallada muerta, presuntamente asesinada, y un veh\u00edculo de carga y pasaje fue incendiado, con saldo de un baleado.<\/p>\n\n\n\n<p>La tarde de hoy, en la carretera local que comunica a San Pedro Huilotepec con la agencia \u00c1lvaro Obreg\u00f3n, del municipio de Juchit\u00e1n de Zaragoza, fue localizado el cuerpo de una femenina.<\/p>\n\n\n\n<p>De manera preliminar se inform\u00f3 que presenta lesiones producidas por arma cortocontundente (machete); vest\u00eda una blusa color rojo y falda negra.&nbsp;<\/p>\n\n\n\n<p>Hasta el momento no ha sido identificada de manera legal y personal de la Vicefiscal\u00eda Regional del Istmo realiza las labores correspondientes, bajo los protocolos de feminicidios, para esclarecer los hechos.<\/p>\n\n\n\n<p>EN MAT\u00cdAS<\/p>\n\n\n\n<p>Por otra parte, durante la ma\u00f1ana de este 15 de enero, en la carretera Trans\u00edstmica, jurisdicci\u00f3n del municipio de Mat\u00edas Romero Avenda\u00f1o, una camioneta de carga y pasaje fue atacada a balazos y despu\u00e9s incendiada.<\/p>\n\n\n\n<p>Un hombre result\u00f3 lesionado por lo cual fue trasladado a un hospital.<\/p>\n\n\n\n<p>La unidad de motor con n\u00famero econ\u00f3mico 00-698 cubr\u00eda la ruta San Juan Guichicovi-Mat\u00edas Romero; pertenece a la asociaci\u00f3n ARIC.<\/p>\n\n\n\n<p>Presuntamente los agresores viajaban en el veh\u00edculo y ya tra\u00edan bidones con gasolina para prenderle fuego; lograron huir a falta de polic\u00edas municipales en la zona.<\/p>\n","protected":false},"excerpt":{"rendered":"<p>Ismael Garc\u00eda M.\/Zona Roja. Oaxaca de Ju\u00e1rez, Oax., a 15 de enero de 2024.- Ante&hellip;<\/p>\n","protected":false},"author":2,"featured_media":64268,"comment_status":"closed","ping_status":"open","sticky":false,"template":"","format":"standard","meta":{"_lmt_disableupdate":"","_lmt_disable":"","_jetpack_memberships_contains_paid_content":false,"footnotes":""},"categories":[109,51],"tags":[],"class_list":["post-64267","post","type-post","status-publish","format-standard","has-post-thumbnail","hentry","category-minuto-a-minuto","category-zona-roja"],"jetpack_featured_media_url":"https:\/\/zonaroja.com.mx\/wp-content\/uploads\/2024\/01\/Mujer-hallada-muerta-San-Pedro-Huilotepec.jpg","jetpack_sharing_enabled":true,"_links":{"self":[{"href":"https:\/\/zonaroja.com.mx\/index.php?rest_route=\/wp\/v2\/posts\/64267","targetHints":{"allow":["GET"]}}],"collection":[{"href":"https:\/\/zonaroja.com.mx\/index.php?rest_route=\/wp\/v2\/posts"}],"about":[{"href":"https:\/\/zonaroja.com.mx\/index.php?rest_route=\/wp\/v2\/types\/post"}],"author":[{"embeddable":true,"href":"https:\/\/zonaroja.com.mx\/index.php?rest_route=\/wp\/v2\/users\/2"}],"replies":[{"embeddable":true,"href":"https:\/\/zonaroja.com.mx\/index.php?rest_route=%2Fwp%2Fv2%2Fcomments&post=64267"}],"version-history":[{"count":1,"href":"https:\/\/zonaroja.com.mx\/index.php?rest_route=\/wp\/v2\/posts\/64267\/revisions"}],"predecessor-version":[{"id":64269,"href":"https:\/\/zonaroja.com.mx\/index.php?rest_route=\/wp\/v2\/posts\/64267\/revisions\/64269"}],"wp:featuredmedia":[{"embeddable":true,"href":"https:\/\/zonaroja.com.mx\/index.php?rest_route=\/wp\/v2\/media\/64268"}],"wp:attachment":[{"href":"https:\/\/zonaroja.com.mx\/index.php?rest_route=%2Fwp%2Fv2%2Fmedia&parent=64267"}],"wp:term":[{"taxonomy":"category","embeddable":true,"href":"https:\/\/zonaroja.com.mx\/index.php?rest_route=%2Fwp%2Fv2%2Fcategories&post=64267"},{"taxonomy":"post_tag","embeddable":true,"href":"https:\/\/zonaroja.com.mx\/index.php?rest_route=%2Fwp%2Fv2%2Ftags&post=64267"}],"curies":[{"name":"wp","href":"https:\/\/api.w.org\/{rel}","templated":true}]}}