{"id":64270,"date":"2024-01-15T21:34:10","date_gmt":"2024-01-16T03:34:10","guid":{"rendered":"http:\/\/www.zonaroja.com.mx\/?p=64270"},"modified":"2024-01-15T21:34:11","modified_gmt":"2024-01-16T03:34:11","slug":"denuncian-acosos-sexual-laboral-y-presuntos-actos-de-corrupcion-en-imss-oaxaca","status":"publish","type":"post","link":"https:\/\/zonaroja.com.mx\/?p=64270","title":{"rendered":"Denuncian acosos sexual, laboral y presuntos actos de corrupci\u00f3n en IMSS Oaxaca"},"content":{"rendered":"\n<p>Yuridiana Sosa\/Zona Roja.<\/p>\n\n\n\n<p>Oaxaca de Ju\u00e1rez, Oax., a 15 de enero de 2024.- Trabajadoras del Instituto Mexicano del Seguro Social (IMSS) en Oaxaca \u201ctomaron\u201d las oficinas centrales del organismo para denunciar p\u00fablicamente actos de abuso sexual, hostigamiento sexual y laboral, as\u00ed como en presuntos actos de corrupci\u00f3n.<\/p>\n\n\n\n<p>Una de las afectadas, Carolina Aquino Rivera, y portavoz de las v\u00edctimas, se\u00f1al\u00f3 que son cuatro las trabajadoras que sufren de los actos ilegales supuestamente cometidos por parte del Jefe de Servicios Administrativos, Mois\u00e9s Bayl\u00f3n Jim\u00e9nez.<\/p>\n\n\n\n<p>Las v\u00edctimas ya presentaron denuncias formales ante la Fiscal\u00eda Especializada para la Atenci\u00f3n de Delitos contra de la Mujer por Raz\u00f3n de G\u00e9nero, por hostigamiento sexual y abuso sexual cometidos por dicho funcionario, quien en complicidad con Silverio Velasco Rom\u00e1n, Servicios Jur\u00eddicos, cometieron presuntamente actos de corrupci\u00f3n.<\/p>\n\n\n\n<p>Aquino Rivera indic\u00f3 que &nbsp;las acciones en su contra se originaron luego que se opuso a que Mois\u00e9s Bayl\u00f3n realizara compras de medicamento a modo, con proveedores de su preferencia, e incumpliendo con la Ley de Adquisiciones del dicho Instituto.<\/p>\n\n\n\n<p>Los actos comenzaron desde el a\u00f1o pasado y conforme pas\u00f3 el tiempo se fueron intensificando, lo que ha provocado que las v\u00edctimas se sientan inseguras en sus lugares de trabajo.<\/p>\n\n\n\n<p>Las mujeres v\u00edctimas han intentado dialogar con el delegado del IMSS en Oaxaca, Julio Mercado Castruita, pero \u00e9ste se niega a recibirlas para dialogar, por lo que recurrieron a la protesta para dar a conocer el caso y exigir la renuncia de ambos funcionarios.<\/p>\n\n\n\n<p>A partir de esta denuncia, las trabajadoras responsabilizan a sus victimarios de cualquier acci\u00f3n en su contra, de sus compa\u00f1eras y de sus familias.<\/p>\n\n\n\n<p>Ante estos hechos, tambi\u00e9n demandaron la intervenci\u00f3n del director del IMSS, Zo\u00e9 Robledo, para dar soluci\u00f3n a los actos contras las mujeres trabajadoras &nbsp;de esta instituci\u00f3n.<\/p>\n\n\n\n<p>DENUNCIA FORMAL<\/p>\n\n\n\n<p>Una de las v\u00edctimas, trabajadora del \u00d3rgano de Operaci\u00f3n Administrativa Desconcentrada de Oaxaca del Instituto Mexicano del Seguro Social, present\u00f3 su denuncia el pasado 22 de diciembre, en la que se\u00f1ala actos irregulares de Mois\u00e9s Bayl\u00f3n desde el mes de julio.<\/p>\n\n\n\n<p>En la denuncia, en la que se se\u00f1ala la posible constituci\u00f3n de los delitos de hostigamiento sexual y abuso sexual, &nbsp;la v\u00edctima relata que en los inicios de los actos en su contra el funcionario la citaba en restaurantes para abordar asuntos de trabajo y en los que aprovechaba para mirarla de forma lasciva y realizarle preguntas personales e inc\u00f3modas.<\/p>\n\n\n\n<p>APOYO OFICIAL<\/p>\n\n\n\n<p>El gobernador de Oaxaca, Salom\u00f3n Jara, prometi\u00f3 su intervenci\u00f3n para que el director del IMSS, Zo\u00e9 Robledo, conozca del problema y de atenci\u00f3n a las v\u00edctimas.<\/p>\n\n\n\n<p>As\u00ed lo manifest\u00f3 en &nbsp;su conferencia matutina de este lunes ante la exposici\u00f3n del tema por parte de un comunicador.<\/p>\n\n\n\n<p>El mandatario estatal indic\u00f3 que por su parte no habr\u00e1 impunidad, se trate de un funcionario estatal &nbsp;federal, por lo que actuar\u00e1n.<\/p>\n","protected":false},"excerpt":{"rendered":"<p>Yuridiana Sosa\/Zona Roja. Oaxaca de Ju\u00e1rez, Oax., a 15 de enero de 2024.- Trabajadoras del&hellip;<\/p>\n","protected":false},"author":2,"featured_media":64264,"comment_status":"closed","ping_status":"open","sticky":false,"template":"","format":"standard","meta":{"_lmt_disableupdate":"","_lmt_disable":"","_jetpack_memberships_contains_paid_content":false,"footnotes":""},"categories":[109,47],"tags":[870,3811],"class_list":["post-64270","post","type-post","status-publish","format-standard","has-post-thumbnail","hentry","category-minuto-a-minuto","category-zona-gris","tag-imss-oaxaca","tag-moises-baylon-jimenez"],"jetpack_featured_media_url":"https:\/\/zonaroja.com.mx\/wp-content\/uploads\/2024\/01\/Conferencia-de-prensa-denuncia-IMSS-Oaxaca.jpg","jetpack_sharing_enabled":true,"_links":{"self":[{"href":"https:\/\/zonaroja.com.mx\/index.php?rest_route=\/wp\/v2\/posts\/64270","targetHints":{"allow":["GET"]}}],"collection":[{"href":"https:\/\/zonaroja.com.mx\/index.php?rest_route=\/wp\/v2\/posts"}],"about":[{"href":"https:\/\/zonaroja.com.mx\/index.php?rest_route=\/wp\/v2\/types\/post"}],"author":[{"embeddable":true,"href":"https:\/\/zonaroja.com.mx\/index.php?rest_route=\/wp\/v2\/users\/2"}],"replies":[{"embeddable":true,"href":"https:\/\/zonaroja.com.mx\/index.php?rest_route=%2Fwp%2Fv2%2Fcomments&post=64270"}],"version-history":[{"count":1,"href":"https:\/\/zonaroja.com.mx\/index.php?rest_route=\/wp\/v2\/posts\/64270\/revisions"}],"predecessor-version":[{"id":64271,"href":"https:\/\/zonaroja.com.mx\/index.php?rest_route=\/wp\/v2\/posts\/64270\/revisions\/64271"}],"wp:featuredmedia":[{"embeddable":true,"href":"https:\/\/zonaroja.com.mx\/index.php?rest_route=\/wp\/v2\/media\/64264"}],"wp:attachment":[{"href":"https:\/\/zonaroja.com.mx\/index.php?rest_route=%2Fwp%2Fv2%2Fmedia&parent=64270"}],"wp:term":[{"taxonomy":"category","embeddable":true,"href":"https:\/\/zonaroja.com.mx\/index.php?rest_route=%2Fwp%2Fv2%2Fcategories&post=64270"},{"taxonomy":"post_tag","embeddable":true,"href":"https:\/\/zonaroja.com.mx\/index.php?rest_route=%2Fwp%2Fv2%2Ftags&post=64270"}],"curies":[{"name":"wp","href":"https:\/\/api.w.org\/{rel}","templated":true}]}}