{"id":64276,"date":"2024-01-16T07:54:09","date_gmt":"2024-01-16T13:54:09","guid":{"rendered":"http:\/\/www.zonaroja.com.mx\/?p=64276"},"modified":"2024-01-16T07:54:10","modified_gmt":"2024-01-16T13:54:10","slug":"edil-de-xoxocotlan-responde-con-mas-apoyos-sociales-a-la-poblacion","status":"publish","type":"post","link":"https:\/\/zonaroja.com.mx\/?p=64276","title":{"rendered":"Edil de Xoxocotl\u00e1n responde con m\u00e1s apoyos sociales a la poblaci\u00f3n"},"content":{"rendered":"\n<p>Redacci\u00f3n\/Zona Roja.<\/p>\n\n\n\n<p>Oaxaca de Ju\u00e1rez, Oax., a 16 de enero de 2024.- Brindar la atenci\u00f3n necesaria a grupos prioritarios, es uno de los objetivos primordiales en el Plan Municipal de Desarrollo Sostenible 2022-2014, que encabeza el presidente municipal de Santa Cruz Xoxocotl\u00e1n, Inocente Castellanos Alejos.&nbsp;<\/p>\n\n\n\n<p>Por ello, a trav\u00e9s del DIF Municipal se realiz\u00f3 la entrega de apoyos alimentarios a adultos mayores y personas con discapacidad de esa demarcaci\u00f3n conurbada a la capital de Oaxaca.&nbsp;<\/p>\n\n\n\n<p>El programa bimestral que beneficia a m\u00e1s de 150 adultos mayores y\/o con alguna discapacidad, es otorgado por el Sistema Estatal para el Desarrollo Integral de la Familia (DIF Oaxaca).<\/p>\n\n\n\n<p>\u201cA partir del d\u00eda uno hicimos un compromiso con nuestra gente, y aqu\u00ed estamos cumpliendo d\u00eda con d\u00eda, trabajando de la mano con cada una de las dependencias de Gobierno del Estado, es por ello, que agradezco al se\u00f1or gobernador, Salom\u00f3n Jara Cruz y a su esposa, Irma Bola\u00f1os, por el trabajo en equipo en beneficio de las familias xoxe\u00f1as\u201d, manifest\u00f3 \u201cChente\u201d Castellanos.&nbsp;<\/p>\n\n\n\n<p>Por su parte, Eric Enmanuel Ortiz Hern\u00e1ndez, presidente honorario del DIF Xoxocotl\u00e1n agradeci\u00f3 a cada uno de los presentes la respuesta a las diferentes convocatorias que tiene esta noble instituci\u00f3n. As\u00ed mismo, les exhort\u00f3 a trabajar en unidad para cambiar el rostro de la asistencia social en Xoxocotl\u00e1n.&nbsp;<\/p>\n\n\n\n<p>De esa manera, la administraci\u00f3n que encabeza el Dr. Chente Castellanos cumple, una vez m\u00e1s, con el compromiso de velar por los sectores de mayor vulnerabilidad en el municipio.<\/p>\n","protected":false},"excerpt":{"rendered":"<p>Redacci\u00f3n\/Zona Roja. Oaxaca de Ju\u00e1rez, Oax., a 16 de enero de 2024.- Brindar la atenci\u00f3n&hellip;<\/p>\n","protected":false},"author":2,"featured_media":64277,"comment_status":"closed","ping_status":"open","sticky":false,"template":"","format":"standard","meta":{"_lmt_disableupdate":"","_lmt_disable":"","_jetpack_memberships_contains_paid_content":false,"footnotes":""},"categories":[109,46],"tags":[133],"class_list":["post-64276","post","type-post","status-publish","format-standard","has-post-thumbnail","hentry","category-minuto-a-minuto","category-zona-blanca","tag-santa-cruz-xoxocotlan"],"jetpack_featured_media_url":"https:\/\/zonaroja.com.mx\/wp-content\/uploads\/2024\/01\/Apoyos-sociales-Xoxocotlan.jpg","jetpack_sharing_enabled":true,"_links":{"self":[{"href":"https:\/\/zonaroja.com.mx\/index.php?rest_route=\/wp\/v2\/posts\/64276","targetHints":{"allow":["GET"]}}],"collection":[{"href":"https:\/\/zonaroja.com.mx\/index.php?rest_route=\/wp\/v2\/posts"}],"about":[{"href":"https:\/\/zonaroja.com.mx\/index.php?rest_route=\/wp\/v2\/types\/post"}],"author":[{"embeddable":true,"href":"https:\/\/zonaroja.com.mx\/index.php?rest_route=\/wp\/v2\/users\/2"}],"replies":[{"embeddable":true,"href":"https:\/\/zonaroja.com.mx\/index.php?rest_route=%2Fwp%2Fv2%2Fcomments&post=64276"}],"version-history":[{"count":1,"href":"https:\/\/zonaroja.com.mx\/index.php?rest_route=\/wp\/v2\/posts\/64276\/revisions"}],"predecessor-version":[{"id":64278,"href":"https:\/\/zonaroja.com.mx\/index.php?rest_route=\/wp\/v2\/posts\/64276\/revisions\/64278"}],"wp:featuredmedia":[{"embeddable":true,"href":"https:\/\/zonaroja.com.mx\/index.php?rest_route=\/wp\/v2\/media\/64277"}],"wp:attachment":[{"href":"https:\/\/zonaroja.com.mx\/index.php?rest_route=%2Fwp%2Fv2%2Fmedia&parent=64276"}],"wp:term":[{"taxonomy":"category","embeddable":true,"href":"https:\/\/zonaroja.com.mx\/index.php?rest_route=%2Fwp%2Fv2%2Fcategories&post=64276"},{"taxonomy":"post_tag","embeddable":true,"href":"https:\/\/zonaroja.com.mx\/index.php?rest_route=%2Fwp%2Fv2%2Ftags&post=64276"}],"curies":[{"name":"wp","href":"https:\/\/api.w.org\/{rel}","templated":true}]}}