{"id":64286,"date":"2024-01-16T13:16:00","date_gmt":"2024-01-16T19:16:00","guid":{"rendered":"http:\/\/www.zonaroja.com.mx\/?p=64286"},"modified":"2024-01-16T08:20:12","modified_gmt":"2024-01-16T14:20:12","slug":"con-homenaje-a-cristina-pacheco-arranca-club-de-lectura-para-periodistas","status":"publish","type":"post","link":"https:\/\/zonaroja.com.mx\/?p=64286","title":{"rendered":"Con homenaje a Cristina Pacheco, arranca club de lectura para periodistas"},"content":{"rendered":"\n<p>Redacci\u00f3n\/Zona Roja.<\/p>\n\n\n\n<p>Oaxaca de Ju\u00e1rez, Oax., a 16 de enero de 2024.- Los organizadores del&nbsp;Conversatorio de Periodismo 2024, invitan a participar en el&nbsp;Primer Club Virtual de Lectura para Periodistas, que iniciar\u00e1 el pr\u00f3ximo mi\u00e9rcoles 17 de enero, a las 18:30 horas, con un homenaje a una de las m\u00e1s brillantes periodistas, escritoras y conductoras de televisi\u00f3n en la historia reciente, Cristina Pacheco.<\/p>\n\n\n\n<p>Los responsables del proyecto, los periodistas Wilfrido L\u00f3pez Torres&nbsp;y&nbsp;Francisco J. S\u00e1nchez&nbsp;junto con&nbsp;la mediadora de lectura,&nbsp;Mar\u00eda&nbsp;Cristina Salazar Acevedo,&nbsp;explicaron&nbsp;que&nbsp;la autora de&nbsp;\u201cMar de Historias\u201d, dej\u00f3 lecciones invaluables en el ejercicio del periodismo donde las personas, principalmente las del \u201cM\u00e9xico de abajo\u201d,&nbsp;eran la&nbsp;verdadera memoria p\u00fablica.<\/p>\n\n\n\n<p>Precisaron que esta primera sesi\u00f3n es un reconocimiento de sus pares a su legado y trayectoria en el periodismo, adem\u00e1s de&nbsp;la&nbsp;oportunidad para&nbsp;conocer como sus lectores,&nbsp;el arte, el oficio o la habilidad \u201cde ponerse en los zapatos de otros\u201d y narrar sus historias con respeto y dignidad hacia los que no tienen voz.<\/p>\n\n\n\n<p>El Primer Club Virtual de Lectura para Periodistas, organizado por el&nbsp;Conversatorio de Periodismo 2024,&nbsp;tiene como objetivo incentivar la lectura entre&nbsp;los&nbsp;estudiantes y&nbsp;comunicadores&nbsp;para enriquecer sus habilidades informativas y comunicativas, mejorar la calidad de sus contenidos y promover un periodismo m\u00e1s informado y reflexivo&nbsp;en el Estado de Oaxaca.<\/p>\n\n\n\n<p>Adem\u00e1s, pretende capacitar a&nbsp;los y las&nbsp;periodistas para recuperar y reforzar su papel de mediadores sociales; formar lectores cr\u00edticos utilizando instrumentos period\u00edsticos y literarios, y tambi\u00e9n contribuir a la salud mental de las y loscomunicadores.<\/p>\n\n\n\n<p>Las sesiones virtuales&nbsp;por la plataforma&nbsp;Meet ser\u00e1n los mi\u00e9rcoles, cada 15 d\u00edas,&nbsp;en un horario de 18:30 a 20:00 horas y los interesados deber\u00e1n enviar un mensaje con su nombre al&nbsp;Whatsapp951.507.43.35&nbsp;para inscribirse y recibir informaci\u00f3n.<\/p>\n","protected":false},"excerpt":{"rendered":"<p>Redacci\u00f3n\/Zona Roja. Oaxaca de Ju\u00e1rez, Oax., a 16 de enero de 2024.- Los organizadores del&nbsp;Conversatorio&hellip;<\/p>\n","protected":false},"author":2,"featured_media":64287,"comment_status":"closed","ping_status":"open","sticky":false,"template":"","format":"standard","meta":{"_lmt_disableupdate":"","_lmt_disable":"","_jetpack_memberships_contains_paid_content":false,"footnotes":""},"categories":[109,46],"tags":[],"class_list":["post-64286","post","type-post","status-publish","format-standard","has-post-thumbnail","hentry","category-minuto-a-minuto","category-zona-blanca"],"jetpack_featured_media_url":"https:\/\/zonaroja.com.mx\/wp-content\/uploads\/2024\/01\/Club-de-lectura.jpeg","jetpack_sharing_enabled":true,"_links":{"self":[{"href":"https:\/\/zonaroja.com.mx\/index.php?rest_route=\/wp\/v2\/posts\/64286","targetHints":{"allow":["GET"]}}],"collection":[{"href":"https:\/\/zonaroja.com.mx\/index.php?rest_route=\/wp\/v2\/posts"}],"about":[{"href":"https:\/\/zonaroja.com.mx\/index.php?rest_route=\/wp\/v2\/types\/post"}],"author":[{"embeddable":true,"href":"https:\/\/zonaroja.com.mx\/index.php?rest_route=\/wp\/v2\/users\/2"}],"replies":[{"embeddable":true,"href":"https:\/\/zonaroja.com.mx\/index.php?rest_route=%2Fwp%2Fv2%2Fcomments&post=64286"}],"version-history":[{"count":1,"href":"https:\/\/zonaroja.com.mx\/index.php?rest_route=\/wp\/v2\/posts\/64286\/revisions"}],"predecessor-version":[{"id":64288,"href":"https:\/\/zonaroja.com.mx\/index.php?rest_route=\/wp\/v2\/posts\/64286\/revisions\/64288"}],"wp:featuredmedia":[{"embeddable":true,"href":"https:\/\/zonaroja.com.mx\/index.php?rest_route=\/wp\/v2\/media\/64287"}],"wp:attachment":[{"href":"https:\/\/zonaroja.com.mx\/index.php?rest_route=%2Fwp%2Fv2%2Fmedia&parent=64286"}],"wp:term":[{"taxonomy":"category","embeddable":true,"href":"https:\/\/zonaroja.com.mx\/index.php?rest_route=%2Fwp%2Fv2%2Fcategories&post=64286"},{"taxonomy":"post_tag","embeddable":true,"href":"https:\/\/zonaroja.com.mx\/index.php?rest_route=%2Fwp%2Fv2%2Ftags&post=64286"}],"curies":[{"name":"wp","href":"https:\/\/api.w.org\/{rel}","templated":true}]}}