{"id":64291,"date":"2024-01-16T17:23:56","date_gmt":"2024-01-16T23:23:56","guid":{"rendered":"http:\/\/www.zonaroja.com.mx\/?p=64291"},"modified":"2024-01-16T17:23:59","modified_gmt":"2024-01-16T23:23:59","slug":"confirmado-amlo-inaugurara-supercarretera-oaxaca-costa-inconclusa","status":"publish","type":"post","link":"https:\/\/zonaroja.com.mx\/?p=64291","title":{"rendered":"Confirmado: AMLO inaugurar\u00e1 supercarretera Oaxaca-Costa inconclusa"},"content":{"rendered":"\n<p>Yuridiana Sosa\/Zona Roja.<\/p>\n\n\n\n<p>Oaxaca de Ju\u00e1rez, Oax., 16 de enero de 2024.- Como lo ha hecho con otras obras en el pa\u00eds, el Presidente Andr\u00e9s Manuel L\u00f3pez Obrador inaugurar\u00e1 la supercarretera Oaxaca-Puerto Escondido, pese a que no estar\u00e1 terminada a\u00fan.<\/p>\n\n\n\n<p>Ello lo confirm\u00f3 ayer el Gobierno del Estado, a trav\u00e9s de la Secretar\u00eda de las Infraestructuras y Comunicaciones de Oaxaca.<\/p>\n\n\n\n<p>Aunque la operatividad de la v\u00eda r\u00e1pida a la Costa se pondr\u00e1 en marcha el 4 de febrero, el secretario Netzahualc\u00f3yotl Salvatierra detall\u00f3 los trabajos que no estar\u00e1n listos y que continuar\u00e1n.<\/p>\n\n\n\n<p>Entre estos: las casetas de cobro de Ventanilla y Barranca Larga no entrar\u00e1n en funciones por el momento; la primera a\u00fan no se concluye y la segunda tiene un avance del 65 por ciento, y pese a que la infraestructura est\u00e9 terminada, no estar\u00e1n listos los sistemas de operaci\u00f3n.<\/p>\n\n\n\n<p>Precis\u00f3 que los motivos de este atraso se debi\u00f3 a que tuvieron que prescindir el contrato a la empresa que originalmente lo ten\u00eda y se le adjudic\u00f3 a la operadora de autopistas Coconal, la cual retom\u00f3 los trabajos; y la segunda raz\u00f3n, dijo, es por decisi\u00f3n del Presidente de la Rep\u00fablica, para que no se cobre en un arranque, pero despu\u00e9s s\u00ed se activar\u00e1, pues es una carretera de cuota.<\/p>\n\n\n\n<p>Los trabajos en ambas casetas se programan concluir en el mes de junio.<\/p>\n\n\n\n<p>La obra m\u00e1s rezagada, indic\u00f3, es la correspondiente al entronque San Francisco, ubicado en el kil\u00f3metro 140, con apenas un 10 por ciento de avance.<\/p>\n\n\n\n<p>Asegur\u00f3 que la conectividad de Oaxaca a la Costa es posible sin inconvenientes, pero quienes se dirijan a San Francisco tendr\u00e1n que hacerlo como tradicionalmente se hac\u00eda.<\/p>\n\n\n\n<p>Otro punto es el entronque El Gavil\u00e1n, del kil\u00f3metro 156, el cual lleva un 60 por ciento de avance, y su obra seguir\u00e1 sin afectar las funciones de la v\u00eda.<\/p>\n\n\n\n<p>Mientras que el &nbsp;entronque Cieneguilla, en el kil\u00f3metro 166 + 894, lleva un avance del 30 por ciento.<\/p>\n\n\n\n<p>OTROS AVANCES<\/p>\n\n\n\n<p>Netzahualc\u00f3yotl Salvatierra indic\u00f3 sobre otros tramos que siguen en obra y deber\u00e1n estar terminados a finales de enero.<\/p>\n\n\n\n<p>El primero es el viaducto San Vicente en el kil\u00f3metro 117, el cual se va a terminar a finales de enero, pues pr\u00e1cticamente est\u00e1 listo, pero faltan los aproches, que es unir el pavimento de la carretera con el viaducto, y finalmente se le pondr\u00e1 una capa de asfalto sobre la estructura de acero.<\/p>\n\n\n\n<p>El segundo tramo cr\u00edtico es el entronque de Limar, en el kil\u00f3metro 145, mismo que se concluye el 26 de enero; ah\u00ed se tiene un avance del 80 por ciento.<\/p>\n\n\n\n<p>Agreg\u00f3 que el tercer tramo, es&nbsp; un par de muros en el kil\u00f3metro 147 + 100 y en el kil\u00f3metro 149 + 100. El primero tiene un avance del 92 por ciento y se concluir\u00e1 el 18 de enero y el segundo del 84 por ciento, y se acabar\u00e1 el 24 de enero.<\/p>\n\n\n\n<p>El quinto tramo es una modificaci\u00f3n que se hizo en el kil\u00f3metro 149 + 500, derivado de los incidentes meteorol\u00f3gicos, el cual lleva el 60 por ciento de avance y se terminar\u00e1 el 30 de enero.<\/p>\n\n\n\n<p>De todas estas labores por concluir este mismo mes, apunt\u00f3 que el m\u00e1s cr\u00edtico est\u00e1 en el tramo 150 + 500, pues hay un muro que se derrumb\u00f3. Ese se concluir\u00e1 el 26 de enero y presenta un avance del 80 por ciento.<\/p>\n\n\n\n<p>Un trabajo m\u00e1s es referente a las afectaciones con las lluvias, pues se realiz\u00f3 un nuevo proyecto y se ejecut\u00f3 en dos meses. Esto se ubica en el kil\u00f3metro 150 + 600, poco antes&nbsp; del t\u00fanel.<\/p>\n\n\n\n<p>Los trabajos continuar\u00e1n, y para no afectar el paso se va a construir un paso provisional, pavimentado, a un a un lado de la obra, a unos 150 metros, sin que afecte en demas\u00eda el trayecto.<\/p>\n\n\n\n<p>ES UN SUE\u00d1O REALIDAD<\/p>\n\n\n\n<p>Por su parte, el gobernador de Oaxaca, Salom\u00f3n Jara Cruz, celebr\u00f3 que tras m\u00e1s de 18 a\u00f1os de iniciada y olvidada esta obra, por fin se pondr\u00e1 en marcha.<\/p>\n\n\n\n<p>\u201cEs un sue\u00f1o y es una noticia muy buena, ya me lo confirm\u00f3 a su secretario particular (del presidente de M\u00e9xico) &nbsp;y vamos a estar atentos..Para Oaxaca es la mejor noticia y una de las obras que tendr\u00e1 mayor trascendencia en la historia de Oaxaca y estamos muy contentos\u201d, expres\u00f3.&nbsp;<\/p>\n","protected":false},"excerpt":{"rendered":"<p>Yuridiana Sosa\/Zona Roja. Oaxaca de Ju\u00e1rez, Oax., 16 de enero de 2024.- Como lo ha&hellip;<\/p>\n","protected":false},"author":2,"featured_media":55866,"comment_status":"closed","ping_status":"open","sticky":false,"template":"","format":"standard","meta":{"_lmt_disableupdate":"","_lmt_disable":"","_jetpack_memberships_contains_paid_content":false,"footnotes":""},"categories":[109,47],"tags":[1442],"class_list":["post-64291","post","type-post","status-publish","format-standard","has-post-thumbnail","hentry","category-minuto-a-minuto","category-zona-gris","tag-supercarretera-oaxaca-costa-coatlan"],"jetpack_featured_media_url":"https:\/\/zonaroja.com.mx\/wp-content\/uploads\/2023\/05\/Bloqueo-supercarretera-a-la-Costa-Oaxaca.jpeg","jetpack_sharing_enabled":true,"_links":{"self":[{"href":"https:\/\/zonaroja.com.mx\/index.php?rest_route=\/wp\/v2\/posts\/64291","targetHints":{"allow":["GET"]}}],"collection":[{"href":"https:\/\/zonaroja.com.mx\/index.php?rest_route=\/wp\/v2\/posts"}],"about":[{"href":"https:\/\/zonaroja.com.mx\/index.php?rest_route=\/wp\/v2\/types\/post"}],"author":[{"embeddable":true,"href":"https:\/\/zonaroja.com.mx\/index.php?rest_route=\/wp\/v2\/users\/2"}],"replies":[{"embeddable":true,"href":"https:\/\/zonaroja.com.mx\/index.php?rest_route=%2Fwp%2Fv2%2Fcomments&post=64291"}],"version-history":[{"count":1,"href":"https:\/\/zonaroja.com.mx\/index.php?rest_route=\/wp\/v2\/posts\/64291\/revisions"}],"predecessor-version":[{"id":64292,"href":"https:\/\/zonaroja.com.mx\/index.php?rest_route=\/wp\/v2\/posts\/64291\/revisions\/64292"}],"wp:featuredmedia":[{"embeddable":true,"href":"https:\/\/zonaroja.com.mx\/index.php?rest_route=\/wp\/v2\/media\/55866"}],"wp:attachment":[{"href":"https:\/\/zonaroja.com.mx\/index.php?rest_route=%2Fwp%2Fv2%2Fmedia&parent=64291"}],"wp:term":[{"taxonomy":"category","embeddable":true,"href":"https:\/\/zonaroja.com.mx\/index.php?rest_route=%2Fwp%2Fv2%2Fcategories&post=64291"},{"taxonomy":"post_tag","embeddable":true,"href":"https:\/\/zonaroja.com.mx\/index.php?rest_route=%2Fwp%2Fv2%2Ftags&post=64291"}],"curies":[{"name":"wp","href":"https:\/\/api.w.org\/{rel}","templated":true}]}}