{"id":64293,"date":"2024-01-16T17:43:48","date_gmt":"2024-01-16T23:43:48","guid":{"rendered":"http:\/\/www.zonaroja.com.mx\/?p=64293"},"modified":"2024-01-16T17:43:50","modified_gmt":"2024-01-16T23:43:50","slug":"registra-oaxaca-tres-protestas-un-bloqueo-carretero-cumple-tres-dias","status":"publish","type":"post","link":"https:\/\/zonaroja.com.mx\/?p=64293","title":{"rendered":"Registra Oaxaca tres protestas; un bloqueo carretero cumple tres d\u00edas"},"content":{"rendered":"\n<p>Yuridiana Sosa\/Zona Roja.<\/p>\n\n\n\n<p>Oaxaca de Ju\u00e1rez, Oax., a 16 de enero de 2024.- Las afectaciones contra los oaxaque\u00f1os por la persistencia de protestas y bloqueos contin\u00faan en diferentes puntos de la entidad oaxaque\u00f1a.<\/p>\n\n\n\n<p>Este martes, por tercer d\u00eda consecutivo, los habitantes de la Villa de Tamazul\u00e1pam del Progreso activaron un bloqueo sobre la carretera 190, en el paraje \u201cLa Curva\u201d, en el tramo Huajuapan-Oaxaca, para exigir a la autoridad municipal la entrega de recursos.<\/p>\n\n\n\n<p>La manifestaci\u00f3n inici\u00f3 el pasado domingo, cuando los pobladores de la cabecera y agencias exigieron un di\u00e1logo con el edil Ramiro Quiroz Salcedo, para el cumplimiento de sus demandas, pero no se ha logrado.<\/p>\n\n\n\n<p>Como parte de la protesta, los manifestantes tambi\u00e9n \u201ctomaron\u201d maquinaria, cerraron el basurero y ahora la carretera. Y este martes, con maquinaria y ramas de \u00e1rboles cerraron tambi\u00e9n los caminos alternos, por lo cual no hay tr\u00e1nsito por ning\u00fan lado.<\/p>\n\n\n\n<p>EN LA CAPITAL<\/p>\n\n\n\n<p>Mientras que en la capital del estado, la \u201ctoma\u201d de las instalaciones de la preparatoria 7 de la UABJO, cumpli\u00f3 una semana y las protestas por parte de los quejosos se intensificaron.<\/p>\n\n\n\n<p>Por varias horas, el grupo de docentes que se apoder\u00f3 de la escuela instal\u00f3 un bloqueo sobre avenida Perif\u00e9rico y la calle 20 de Noviembre, en inmediaciones del plantel, para exigir la destituci\u00f3n de la directora Irma Yolanda Ortiz Acosta, y del docente Omar Mora.<\/p>\n\n\n\n<p>El rector de la Universidad Aut\u00f3noma \u201cBenito Ju\u00e1rez\u201d de Oaxaca (UABJO), Cristian \u00c9der Carre\u00f1o, no ha logrado dar soluci\u00f3n a este problema, el cual se ha abordado en tres mesas de di\u00e1logo.<\/p>\n\n\n\n<p>De acuerdo a los quejosos, la rector\u00eda y la directora no atienden &nbsp;sus principales demandas, las cuales indicaron son referentes al desplazamiento de horas.<\/p>\n\n\n\n<p>No obstante, la directora ha manifestado que la \u201ctoma\u201d de la escuela &nbsp;obedece a intereses electorales ante el relevo de la directiva escolar.<\/p>\n\n\n\n<p>Mientras tanto en el corredor exterior del Palacio de Gobierno, se mantiene un grupo de habitantes de San Juan Mazatl\u00e1n Mixe, que enfrentan conflictos postelectorales.<\/p>\n\n\n\n<p>Arribaron desde temprana hora para exigir una reuni\u00f3n de trabajo con el gobernador Salom\u00f3n Jara; personal de la Secretar\u00eda de Gobierno los atendi\u00f3 pero insisten en hablar con el Ejecutivo.<\/p>\n\n\n\n<p>Por lo cual durante esta tarde han colocado cartulinas en el exterior del inmueble para demandar ser atendidos.<\/p>\n","protected":false},"excerpt":{"rendered":"<p>Yuridiana Sosa\/Zona Roja. Oaxaca de Ju\u00e1rez, Oax., a 16 de enero de 2024.- Las afectaciones&hellip;<\/p>\n","protected":false},"author":2,"featured_media":64294,"comment_status":"closed","ping_status":"open","sticky":false,"template":"","format":"standard","meta":{"_lmt_disableupdate":"","_lmt_disable":"","_jetpack_memberships_contains_paid_content":false,"footnotes":""},"categories":[109,47],"tags":[2264],"class_list":["post-64293","post","type-post","status-publish","format-standard","has-post-thumbnail","hentry","category-minuto-a-minuto","category-zona-gris","tag-bloqueos-y-protestas-oaxaca"],"jetpack_featured_media_url":"https:\/\/zonaroja.com.mx\/wp-content\/uploads\/2024\/01\/Bloque-Tamazulapam-del-Progreso.jpeg","jetpack_sharing_enabled":true,"_links":{"self":[{"href":"https:\/\/zonaroja.com.mx\/index.php?rest_route=\/wp\/v2\/posts\/64293","targetHints":{"allow":["GET"]}}],"collection":[{"href":"https:\/\/zonaroja.com.mx\/index.php?rest_route=\/wp\/v2\/posts"}],"about":[{"href":"https:\/\/zonaroja.com.mx\/index.php?rest_route=\/wp\/v2\/types\/post"}],"author":[{"embeddable":true,"href":"https:\/\/zonaroja.com.mx\/index.php?rest_route=\/wp\/v2\/users\/2"}],"replies":[{"embeddable":true,"href":"https:\/\/zonaroja.com.mx\/index.php?rest_route=%2Fwp%2Fv2%2Fcomments&post=64293"}],"version-history":[{"count":1,"href":"https:\/\/zonaroja.com.mx\/index.php?rest_route=\/wp\/v2\/posts\/64293\/revisions"}],"predecessor-version":[{"id":64295,"href":"https:\/\/zonaroja.com.mx\/index.php?rest_route=\/wp\/v2\/posts\/64293\/revisions\/64295"}],"wp:featuredmedia":[{"embeddable":true,"href":"https:\/\/zonaroja.com.mx\/index.php?rest_route=\/wp\/v2\/media\/64294"}],"wp:attachment":[{"href":"https:\/\/zonaroja.com.mx\/index.php?rest_route=%2Fwp%2Fv2%2Fmedia&parent=64293"}],"wp:term":[{"taxonomy":"category","embeddable":true,"href":"https:\/\/zonaroja.com.mx\/index.php?rest_route=%2Fwp%2Fv2%2Fcategories&post=64293"},{"taxonomy":"post_tag","embeddable":true,"href":"https:\/\/zonaroja.com.mx\/index.php?rest_route=%2Fwp%2Fv2%2Ftags&post=64293"}],"curies":[{"name":"wp","href":"https:\/\/api.w.org\/{rel}","templated":true}]}}