{"id":64301,"date":"2024-01-17T10:30:00","date_gmt":"2024-01-17T16:30:00","guid":{"rendered":"http:\/\/www.zonaroja.com.mx\/?p=64301"},"modified":"2024-01-17T07:36:30","modified_gmt":"2024-01-17T13:36:30","slug":"diserta-investigadora-de-chile-sobre-la-inteligencia-artificial-y-su-aplicacion-en-el-derecho","status":"publish","type":"post","link":"https:\/\/zonaroja.com.mx\/?p=64301","title":{"rendered":"Diserta investigadora de Chile\u00a0sobre la\u00a0 inteligencia artificial y su aplicaci\u00f3n\u00a0en\u00a0el Derecho"},"content":{"rendered":"\n<p>Redacci\u00f3n\/Zona Roja.<\/p>\n\n\n\n<p>Oaxaca de Ju\u00e1rez, Oax., a 17 de enero de 2024.- Con el tema \u201cLos tres desaf\u00edos de la justicia algor\u00edtmica: Dignidad, Identidad y Vulnerabilidad\u201d,&nbsp;la profesora e investigadora de la Universidad Aut\u00f3noma de Chile, doctora&nbsp;Mar\u00eda&nbsp;Isabel Cornejo Plaza, imparti\u00f3 en la sede del Poder Judicial del Estado de Oaxaca una conferencia magistral, como parte&nbsp;de las actividades previas al inicio de la Segunda Generaci\u00f3n de la Maestr\u00eda en Derecho Judicial&nbsp;que imparte la Escuela Judicial en conjunto con la Universidad de Perugia, Italia.&nbsp;<\/p>\n\n\n\n<p>Al dar la bienvenida a la ponente, la magistrada presidenta Berenice Ram\u00edrez Jim\u00e9nez se\u00f1al\u00f3 que&nbsp;los desaf\u00edos de la justicia algor\u00edtmica instan a revaluar y fortalecer&nbsp;los&nbsp;marcos legales diarios.&nbsp;<\/p>\n\n\n\n<p>\u201cLa preservaci\u00f3n de la dignidad y la gesti\u00f3n de la vulnerabilidad, son imperativos para garantizar que la justicia en la era digital sea equitativa, transparente&nbsp;y&nbsp;respetuosa de los derechos humanos\u201d, dijo.&nbsp;<\/p>\n\n\n\n<p>En presencia del presidente&nbsp;del Comit\u00e9 Acad\u00e9mico de la maestr\u00eda en Derecho Judicial,&nbsp;Roberto&nbsp;Cippitani,&nbsp;y titular de la&nbsp;c\u00e1tedra Jean Monnet&nbsp;y el magistrado Gerardo Adelfo Carmona Castillo&nbsp;integrante de la&nbsp;Segunda Sala Penal Colegiada, indic\u00f3 que actualmente&nbsp;nos encontramos&nbsp;ante nuevos panoramas de entendimiento del&nbsp;Derecho,&nbsp;que colisionan con el uso de las nuevas tecnolog\u00edas en la pr\u00e1ctica jur\u00eddica.&nbsp;<\/p>\n\n\n\n<p>\u201cA medida que avanzamos a un futuro cada vez m\u00e1s digitalizado, debemos recordar que la justicia no puede ser ciega ante los desaf\u00edos que plantea la tecnolog\u00eda y debe evolucionar con la misma rapidez que la sociedad con la finalidad de buscar servir\u201d, enfatiz\u00f3&nbsp;la magistrada presidenta.&nbsp;<\/p>\n\n\n\n<p>Durante su conferencia magistral,&nbsp;la&nbsp;doctora&nbsp;Mar\u00eda&nbsp;Isabel Cornejo Plaza,&nbsp;expuso&nbsp;la inteligencia artificial como herramienta para distintos procesos de toma de decisi\u00f3n en&nbsp;\u00e1mbitos como el&nbsp;judicial, sobre el cual se han elaborado modelos en pa\u00edses como Argentina y Colombia.&nbsp;<\/p>\n\n\n\n<p>En presencia de magistradas y magistrados del Tribunal Superior de Justicia,&nbsp;consejeras y consejeros de la Judicatura, jueces,&nbsp;comunidad estudiantil de la Maestr\u00eda en Derecho Judicial,&nbsp;de diferentes universidades y foro de abogados, destac\u00f3 que&nbsp;el juez debe utilizar&nbsp;estas tecnolog\u00edas,&nbsp;siempre con apego a la protecci\u00f3n de los derechos humanos. &nbsp;<\/p>\n\n\n\n<p>La doctora&nbsp;Mar\u00eda Isabel Cornejo Plaza&nbsp;cuenta con estudios en&nbsp;Derecho Privado por la Universidad de Chile, es profesora asistente e investigadora de tiempo completo&nbsp;en la Facultad de Derechos&nbsp;esa instituci\u00f3n y sus l\u00edneas de investigaci\u00f3n son Inteligencia Artificial, Bio\u00e9tica,&nbsp;Neuroderecho, Neuro\u00e9tica y Derecho Civil.<\/p>\n","protected":false},"excerpt":{"rendered":"<p>Redacci\u00f3n\/Zona Roja. Oaxaca de Ju\u00e1rez, Oax., a 17 de enero de 2024.- Con el tema&hellip;<\/p>\n","protected":false},"author":2,"featured_media":64303,"comment_status":"closed","ping_status":"open","sticky":false,"template":"","format":"standard","meta":{"_lmt_disableupdate":"","_lmt_disable":"","_jetpack_memberships_contains_paid_content":false,"footnotes":""},"categories":[109,46],"tags":[223],"class_list":["post-64301","post","type-post","status-publish","format-standard","has-post-thumbnail","hentry","category-minuto-a-minuto","category-zona-blanca","tag-poder-judicial-de-oaxaca"],"jetpack_featured_media_url":"https:\/\/zonaroja.com.mx\/wp-content\/uploads\/2024\/01\/Conferencia-magistral-Chile-poder-judicial-Oaxaca.jpeg","jetpack_sharing_enabled":true,"_links":{"self":[{"href":"https:\/\/zonaroja.com.mx\/index.php?rest_route=\/wp\/v2\/posts\/64301","targetHints":{"allow":["GET"]}}],"collection":[{"href":"https:\/\/zonaroja.com.mx\/index.php?rest_route=\/wp\/v2\/posts"}],"about":[{"href":"https:\/\/zonaroja.com.mx\/index.php?rest_route=\/wp\/v2\/types\/post"}],"author":[{"embeddable":true,"href":"https:\/\/zonaroja.com.mx\/index.php?rest_route=\/wp\/v2\/users\/2"}],"replies":[{"embeddable":true,"href":"https:\/\/zonaroja.com.mx\/index.php?rest_route=%2Fwp%2Fv2%2Fcomments&post=64301"}],"version-history":[{"count":1,"href":"https:\/\/zonaroja.com.mx\/index.php?rest_route=\/wp\/v2\/posts\/64301\/revisions"}],"predecessor-version":[{"id":64304,"href":"https:\/\/zonaroja.com.mx\/index.php?rest_route=\/wp\/v2\/posts\/64301\/revisions\/64304"}],"wp:featuredmedia":[{"embeddable":true,"href":"https:\/\/zonaroja.com.mx\/index.php?rest_route=\/wp\/v2\/media\/64303"}],"wp:attachment":[{"href":"https:\/\/zonaroja.com.mx\/index.php?rest_route=%2Fwp%2Fv2%2Fmedia&parent=64301"}],"wp:term":[{"taxonomy":"category","embeddable":true,"href":"https:\/\/zonaroja.com.mx\/index.php?rest_route=%2Fwp%2Fv2%2Fcategories&post=64301"},{"taxonomy":"post_tag","embeddable":true,"href":"https:\/\/zonaroja.com.mx\/index.php?rest_route=%2Fwp%2Fv2%2Ftags&post=64301"}],"curies":[{"name":"wp","href":"https:\/\/api.w.org\/{rel}","templated":true}]}}