{"id":64308,"date":"2024-01-17T08:26:00","date_gmt":"2024-01-17T14:26:00","guid":{"rendered":"http:\/\/www.zonaroja.com.mx\/?p=64308"},"modified":"2024-01-17T07:35:53","modified_gmt":"2024-01-17T13:35:53","slug":"sigue-la-violencia-en-salina-cruz-tiran-a-una-mujer-de-un-vehiculo","status":"publish","type":"post","link":"https:\/\/zonaroja.com.mx\/?p=64308","title":{"rendered":"Sigue la violencia en Salina Cruz: tiran a una mujer de un veh\u00edculo"},"content":{"rendered":"\n<p>Redacci\u00f3n\/Zona Roja.<\/p>\n\n\n\n<p>Oaxaca de Ju\u00e1rez, Oax., a 17 de enero de 2024.- En el municipio de Salina Cruz, una mujer fue arrojada de un veh\u00edculo en movimiento, tras ser golpeada.<\/p>\n\n\n\n<p>El hecho violento ocurri\u00f3 la noche del pasado lunes en la calle Benito Ju\u00e1rez de la colonia Hidalgo Poniente, frente a la sede del juzgado civil.<\/p>\n\n\n\n<p>Tras la llamada de auxilio, corporaciones de seguridad arribaron a la zona, donde hallaron a la femenina con varias lesiones, que fueron atendidas por param\u00e9dicos de la Comisi\u00f3n Nacional de Emergencia (CNE).<\/p>\n\n\n\n<p>Seg\u00fan testimonios de la v\u00edctima y de los vecinos de la zona, un sujeto discuti\u00f3 con la mujer en el interior del veh\u00edculo, tras lo cual la arroj\u00f3 al piso, para luego darse a la fuga.<\/p>\n\n\n\n<p>Hasta el momento no se cuenta con mayor detalle de los motivos de la agresi\u00f3n pero la femenina interpuso su denuncia ante la Vicefiscal\u00eda Regional del Istmo, misma que inici\u00f3 la carpeta de investigaci\u00f3n correspondiente.<\/p>\n\n\n\n<p>Apenas el pasado 9 de enero, en Salina Cruz, gobernado por el morenista Daniel M\u00e9ndez Sosa, se registraron dos ataques armados, con saldo de tres personas fallecidas y una m\u00e1s lesionada.<\/p>\n\n\n\n<p>El 6 de enero, un taxista fue ultimado a balazos en el interior de su unidad de motor.<\/p>\n\n\n\n<p>A falta de operatividad de los polic\u00edas municipales, hasta el momento no hay personas detenidas por la serie de hechos violentos registrados en esa ciudad y puerto de la regi\u00f3n del Istmo de Tehuantepec.<\/p>\n","protected":false},"excerpt":{"rendered":"<p>Redacci\u00f3n\/Zona Roja. Oaxaca de Ju\u00e1rez, Oax., a 17 de enero de 2024.- En el municipio&hellip;<\/p>\n","protected":false},"author":2,"featured_media":40843,"comment_status":"closed","ping_status":"open","sticky":false,"template":"","format":"standard","meta":{"_lmt_disableupdate":"","_lmt_disable":"","_jetpack_memberships_contains_paid_content":false,"footnotes":""},"categories":[109,47],"tags":[168],"class_list":["post-64308","post","type-post","status-publish","format-standard","has-post-thumbnail","hentry","category-minuto-a-minuto","category-zona-gris","tag-salina-cruz"],"jetpack_featured_media_url":"https:\/\/zonaroja.com.mx\/wp-content\/uploads\/2022\/05\/Violencia-mujeres-2.webp","jetpack_sharing_enabled":true,"_links":{"self":[{"href":"https:\/\/zonaroja.com.mx\/index.php?rest_route=\/wp\/v2\/posts\/64308","targetHints":{"allow":["GET"]}}],"collection":[{"href":"https:\/\/zonaroja.com.mx\/index.php?rest_route=\/wp\/v2\/posts"}],"about":[{"href":"https:\/\/zonaroja.com.mx\/index.php?rest_route=\/wp\/v2\/types\/post"}],"author":[{"embeddable":true,"href":"https:\/\/zonaroja.com.mx\/index.php?rest_route=\/wp\/v2\/users\/2"}],"replies":[{"embeddable":true,"href":"https:\/\/zonaroja.com.mx\/index.php?rest_route=%2Fwp%2Fv2%2Fcomments&post=64308"}],"version-history":[{"count":1,"href":"https:\/\/zonaroja.com.mx\/index.php?rest_route=\/wp\/v2\/posts\/64308\/revisions"}],"predecessor-version":[{"id":64309,"href":"https:\/\/zonaroja.com.mx\/index.php?rest_route=\/wp\/v2\/posts\/64308\/revisions\/64309"}],"wp:featuredmedia":[{"embeddable":true,"href":"https:\/\/zonaroja.com.mx\/index.php?rest_route=\/wp\/v2\/media\/40843"}],"wp:attachment":[{"href":"https:\/\/zonaroja.com.mx\/index.php?rest_route=%2Fwp%2Fv2%2Fmedia&parent=64308"}],"wp:term":[{"taxonomy":"category","embeddable":true,"href":"https:\/\/zonaroja.com.mx\/index.php?rest_route=%2Fwp%2Fv2%2Fcategories&post=64308"},{"taxonomy":"post_tag","embeddable":true,"href":"https:\/\/zonaroja.com.mx\/index.php?rest_route=%2Fwp%2Fv2%2Ftags&post=64308"}],"curies":[{"name":"wp","href":"https:\/\/api.w.org\/{rel}","templated":true}]}}