{"id":64312,"date":"2024-01-17T12:30:00","date_gmt":"2024-01-17T18:30:00","guid":{"rendered":"http:\/\/www.zonaroja.com.mx\/?p=64312"},"modified":"2024-01-17T07:53:54","modified_gmt":"2024-01-17T13:53:54","slug":"tiene-oaxaca-primera-cosecha-de-cannabis-para-uso-industrial","status":"publish","type":"post","link":"https:\/\/zonaroja.com.mx\/?p=64312","title":{"rendered":"Tiene Oaxaca primera cosecha de Cannabis para uso industrial"},"content":{"rendered":"\n<p>Redacci\u00f3n\/Zona Roja.<\/p>\n\n\n\n<p>Oaxaca de Ju\u00e1rez, Oax., a 17 de enero de 2024.- En la comunidad de Santa Martha Chichihualtepec, Ejutla de Crespo, Oaxaca, se realiz\u00f3 la cosecha del primer cultivo experimental de c\u00e1\u00f1amo para uso industrial.&nbsp;<\/p>\n\n\n\n<p>Se trata de la primera recolecci\u00f3n de c\u00e1\u00f1amo, una especie de Cannabis, que se utilizar\u00eda para la fabricaci\u00f3n de telas, hilos, mecates, jabones y dem\u00e1s productos industriales.&nbsp;<\/p>\n\n\n\n<p>El diputado por Morena, Horacio Sosa Villavicencio, quien fue invitado a la cosecha de este producto, detall\u00f3 que Oaxaca es el primer estado de M\u00e9xico en donde se realiza este proyecto con fines de bioconstrucci\u00f3n, para la elaboraci\u00f3n de productos sustentables.<\/p>\n\n\n\n<p>Se\u00f1al\u00f3 que este proyecto cuenta con la autorizaci\u00f3n sanitaria de la Comisi\u00f3n Federal para la Protecci\u00f3n Contra Riesgos Sanitarios (Cofepris) y fue desarrollado por familias campesinas de la comunidad, con el objetivo tener acceso a nuevas demandas del mercado industrial, a trav\u00e9s del cultivo del Cannabis.&nbsp;<\/p>\n\n\n\n<p>El diputado de Morena expres\u00f3 que M\u00e9xico tiene un enorme potencial para desarrollar la industria del c\u00e1\u00f1amo, para lo cual es necesario que, en el marco legal, haya una distinci\u00f3n clara entre el uso de la marihuana para fines medicinales y recreativos, del industrial.&nbsp;<\/p>\n\n\n\n<p>Detall\u00f3 que desde el Congreso de Oaxaca se fortalecer\u00e1 la construcci\u00f3n que permita a productores locales beneficiarse de forma directa de este nueva oportunidad de mercado: \u201cTenemos que legislar pensando en las familias campesinas, fortalecer desde lo local esta oportunidad de desarrollo global\u201d, puntualiz\u00f3.<\/p>\n","protected":false},"excerpt":{"rendered":"<p>Redacci\u00f3n\/Zona Roja. Oaxaca de Ju\u00e1rez, Oax., a 17 de enero de 2024.- En la comunidad&hellip;<\/p>\n","protected":false},"author":2,"featured_media":64313,"comment_status":"closed","ping_status":"open","sticky":false,"template":"","format":"standard","meta":{"_lmt_disableupdate":"","_lmt_disable":"","_jetpack_memberships_contains_paid_content":false,"footnotes":""},"categories":[109,46],"tags":[444],"class_list":["post-64312","post","type-post","status-publish","format-standard","has-post-thumbnail","hentry","category-minuto-a-minuto","category-zona-blanca","tag-horacio-sosa-villavicencio"],"jetpack_featured_media_url":"https:\/\/zonaroja.com.mx\/wp-content\/uploads\/2024\/01\/Siembra-Canabis-Santa-Martha-Chichihualtepec.jpg","jetpack_sharing_enabled":true,"_links":{"self":[{"href":"https:\/\/zonaroja.com.mx\/index.php?rest_route=\/wp\/v2\/posts\/64312","targetHints":{"allow":["GET"]}}],"collection":[{"href":"https:\/\/zonaroja.com.mx\/index.php?rest_route=\/wp\/v2\/posts"}],"about":[{"href":"https:\/\/zonaroja.com.mx\/index.php?rest_route=\/wp\/v2\/types\/post"}],"author":[{"embeddable":true,"href":"https:\/\/zonaroja.com.mx\/index.php?rest_route=\/wp\/v2\/users\/2"}],"replies":[{"embeddable":true,"href":"https:\/\/zonaroja.com.mx\/index.php?rest_route=%2Fwp%2Fv2%2Fcomments&post=64312"}],"version-history":[{"count":1,"href":"https:\/\/zonaroja.com.mx\/index.php?rest_route=\/wp\/v2\/posts\/64312\/revisions"}],"predecessor-version":[{"id":64314,"href":"https:\/\/zonaroja.com.mx\/index.php?rest_route=\/wp\/v2\/posts\/64312\/revisions\/64314"}],"wp:featuredmedia":[{"embeddable":true,"href":"https:\/\/zonaroja.com.mx\/index.php?rest_route=\/wp\/v2\/media\/64313"}],"wp:attachment":[{"href":"https:\/\/zonaroja.com.mx\/index.php?rest_route=%2Fwp%2Fv2%2Fmedia&parent=64312"}],"wp:term":[{"taxonomy":"category","embeddable":true,"href":"https:\/\/zonaroja.com.mx\/index.php?rest_route=%2Fwp%2Fv2%2Fcategories&post=64312"},{"taxonomy":"post_tag","embeddable":true,"href":"https:\/\/zonaroja.com.mx\/index.php?rest_route=%2Fwp%2Fv2%2Ftags&post=64312"}],"curies":[{"name":"wp","href":"https:\/\/api.w.org\/{rel}","templated":true}]}}