{"id":6432,"date":"2019-12-07T08:03:56","date_gmt":"2019-12-07T14:03:56","guid":{"rendered":"http:\/\/www.zonaroja.com.mx\/?p=6432"},"modified":"2019-12-07T08:04:00","modified_gmt":"2019-12-07T14:04:00","slug":"matan-a-balazos-a-un-individuo-en-la-capital-oaxaquena-durante-calenda","status":"publish","type":"post","link":"https:\/\/zonaroja.com.mx\/?p=6432","title":{"rendered":"Matan a balazos a un individuo en la capital oaxaque\u00f1a, durante calenda"},"content":{"rendered":"\n<p>Redacci\u00f3n\/Zona Roja.<\/p>\n\n\n\n<p>Oaxaca de Ju\u00e1rez, Oax., 7 de diciembre\nde 2019.- Una persona del sexo masculino fue asesinada la madrugada de este\ns\u00e1bado en la ciudad de Oaxaca, durante una calenda a la virgen de Juquila.<\/p>\n\n\n\n<p>De acuerdo con informes policiacos, los\nhechos sucedieron alrededor de las 03:00 horas en la colonia M\u00e1rtires de R\u00edo\nBlanco, en las faldas del cerro del Crest\u00f3n, cuando se realizaba la festividad\npor las principales calles.<\/p>\n\n\n\n<p>Debido a una presunta ri\u00f1a se\nsuscitaron disparos de armas de fuego, tras lo cual una persona result\u00f3 muerta\ny otra m\u00e1s lesionada; al momento no ha sido identificada la v\u00edctima ni se han\nreportado detenciones por parte de la Polic\u00eda Municipal de Oaxaca de Ju\u00e1rez.<\/p>\n\n\n\n<p>Por otra parte, otra persona perdi\u00f3 la\nvida en un accidente carretero ocurrido ayer por la tarde en la v\u00eda federal\n175, Oaxaca-Tuxtepec, en inmediaciones de la comunidad de San Miguel del R\u00edo.<\/p>\n\n\n\n<p>Se trata de un individuo de\naproximadamente 36 a\u00f1os de edad, que conduc\u00eda un cami\u00f3n tipo volteo, y que en\nuna pendiente presuntamente perdi\u00f3 el control de la pesada unidad y se fue a un\nbarranco.<\/p>\n\n\n\n<p>El hoy occiso, a\u00fan no identificado,\nfalleci\u00f3 al quedar prensado entre los fierros del veh\u00edculo; fue rescatado\nposteriormente por param\u00e9dicos.<\/p>\n","protected":false},"excerpt":{"rendered":"<p>Redacci\u00f3n\/Zona Roja. Oaxaca de Ju\u00e1rez, Oax., 7 de diciembre de 2019.- Una persona del sexo&hellip;<\/p>\n","protected":false},"author":2,"featured_media":4210,"comment_status":"closed","ping_status":"open","sticky":false,"template":"","format":"standard","meta":{"_lmt_disableupdate":"","_lmt_disable":"","_jetpack_memberships_contains_paid_content":false,"footnotes":""},"categories":[109,51],"tags":[148],"class_list":["post-6432","post","type-post","status-publish","format-standard","has-post-thumbnail","hentry","category-minuto-a-minuto","category-zona-roja","tag-oaxaca-de-juarez"],"jetpack_featured_media_url":"https:\/\/zonaroja.com.mx\/wp-content\/uploads\/2019\/09\/b293454d-e68f-4d98-bb84-c40877614f74.jpg","jetpack_sharing_enabled":true,"_links":{"self":[{"href":"https:\/\/zonaroja.com.mx\/index.php?rest_route=\/wp\/v2\/posts\/6432","targetHints":{"allow":["GET"]}}],"collection":[{"href":"https:\/\/zonaroja.com.mx\/index.php?rest_route=\/wp\/v2\/posts"}],"about":[{"href":"https:\/\/zonaroja.com.mx\/index.php?rest_route=\/wp\/v2\/types\/post"}],"author":[{"embeddable":true,"href":"https:\/\/zonaroja.com.mx\/index.php?rest_route=\/wp\/v2\/users\/2"}],"replies":[{"embeddable":true,"href":"https:\/\/zonaroja.com.mx\/index.php?rest_route=%2Fwp%2Fv2%2Fcomments&post=6432"}],"version-history":[{"count":1,"href":"https:\/\/zonaroja.com.mx\/index.php?rest_route=\/wp\/v2\/posts\/6432\/revisions"}],"predecessor-version":[{"id":6433,"href":"https:\/\/zonaroja.com.mx\/index.php?rest_route=\/wp\/v2\/posts\/6432\/revisions\/6433"}],"wp:featuredmedia":[{"embeddable":true,"href":"https:\/\/zonaroja.com.mx\/index.php?rest_route=\/wp\/v2\/media\/4210"}],"wp:attachment":[{"href":"https:\/\/zonaroja.com.mx\/index.php?rest_route=%2Fwp%2Fv2%2Fmedia&parent=6432"}],"wp:term":[{"taxonomy":"category","embeddable":true,"href":"https:\/\/zonaroja.com.mx\/index.php?rest_route=%2Fwp%2Fv2%2Fcategories&post=6432"},{"taxonomy":"post_tag","embeddable":true,"href":"https:\/\/zonaroja.com.mx\/index.php?rest_route=%2Fwp%2Fv2%2Ftags&post=6432"}],"curies":[{"name":"wp","href":"https:\/\/api.w.org\/{rel}","templated":true}]}}