{"id":64321,"date":"2024-01-17T17:15:09","date_gmt":"2024-01-17T23:15:09","guid":{"rendered":"http:\/\/www.zonaroja.com.mx\/?p=64321"},"modified":"2024-01-17T17:15:10","modified_gmt":"2024-01-17T23:15:10","slug":"por-incapacidad-de-rector-de-la-uabjo-alumnos-de-prepa-7-reciben-clases-en-el-zocalo","status":"publish","type":"post","link":"https:\/\/zonaroja.com.mx\/?p=64321","title":{"rendered":"Por incapacidad de rector de la UABJO, alumnos de Prepa 7 reciben clases en el z\u00f3calo"},"content":{"rendered":"\n<p>Yuridiana Sosa\/Zona Roja.<\/p>\n\n\n\n<p>Oaxaca de Ju\u00e1rez, Oax., a 17 de enero de 2024.- A m\u00e1s de una semana de la \u201ctoma\u201d del plantel de la Preparatoria 7 de la UABJO, por un grupo minoritario de docentes, los alumnos recibieron hoy clases en el z\u00f3calo de la capital, mientras que los padres de familia manifiestan su inconformidad por la incapacidad del rector universitario, Cristian Carre\u00f1o, para resolver el conflicto.<\/p>\n\n\n\n<p>Desde temprana hora, cientos de alumnos y la mayor\u00eda de la plantilla docente se apoderaron del portal del Palacio de Gobierno de Oaxaca y parte del z\u00f3calo para continuar con labores acad\u00e9micas relacionadas a la recta final del semestre.<\/p>\n\n\n\n<p>Mientras que padres de familia expusieron su molestia ante dicha situaci\u00f3n que afecta el desarrollo ordinario del ciclo escolar de sus hijos y la cual no se ha atendido debidamente.<\/p>\n\n\n\n<p>El padre de familia Marcos P\u00e9rez se\u00f1al\u00f3 la poca capacidad del rector de la Universidad Aut\u00f3noma \u201cBenito Ju\u00e1rez\u201d de Oaxaca, Cristian Carre\u00f1o, y permitir que el problema de un grupo de docentes afecte las clases de los alumnos por casi dos semanas.<\/p>\n\n\n\n<p>\u201cEl rector no ha asumido su papel, hay pasividad y nos muestra que no tiene la capacidad, debe salir a resolver los problemas\u2026 por el Consejo ama\u00f1ado se mantiene en el cargo\u201d, reclam\u00f3 el tutor.<\/p>\n\n\n\n<p>El padre de familia exigi\u00f3 la intervenci\u00f3n del gobernador, Salom\u00f3n Jara, para que su hermano No\u00e9 Jara saque las manos de la Universidad, a quien se le ha visto con el rector, y pues m\u00e1s all\u00e1 de ayudar a la imagen del mandatario entre los oaxaque\u00f1os, le perjudica.<\/p>\n\n\n\n<p>Por su parte, la directora del plantel, Irma Yolanda Ortiz Acosta ,indic\u00f3 que son 12 los docentes que mantienen la protesta, de un total de 76 que conforman la plantilla de maestros.<\/p>\n\n\n\n<p>Apunt\u00f3 que junto con el rector se les ha dado atenci\u00f3n en tres mesas de di\u00e1logo, pero en cada ocasi\u00f3n presentaban diferentes demandas.<\/p>\n\n\n\n<p>Ortiz Acosta llam\u00f3 a las autoridades de la UABJO a mantener las mesas de atenci\u00f3n para liberar el plantel que afecta a m\u00e1s de mil 700 estudiantes, los cuales se enfrentar\u00e1n a los ex\u00e1menes ordinarios en condiciones &nbsp;diferentes tras la \u201ctoma\u201d de la escuela.&nbsp;<\/p>\n","protected":false},"excerpt":{"rendered":"<p>Yuridiana Sosa\/Zona Roja. Oaxaca de Ju\u00e1rez, Oax., a 17 de enero de 2024.- A m\u00e1s&hellip;<\/p>\n","protected":false},"author":2,"featured_media":64322,"comment_status":"closed","ping_status":"open","sticky":false,"template":"","format":"standard","meta":{"_lmt_disableupdate":"","_lmt_disable":"","_jetpack_memberships_contains_paid_content":false,"footnotes":""},"categories":[109,47],"tags":[3812],"class_list":["post-64321","post","type-post","status-publish","format-standard","has-post-thumbnail","hentry","category-minuto-a-minuto","category-zona-gris","tag-preparatoria-7-uabjo"],"jetpack_featured_media_url":"https:\/\/zonaroja.com.mx\/wp-content\/uploads\/2024\/01\/Estudiantes-Prepa-7-zocalo-de-Oaxaca.jpg","jetpack_sharing_enabled":true,"_links":{"self":[{"href":"https:\/\/zonaroja.com.mx\/index.php?rest_route=\/wp\/v2\/posts\/64321","targetHints":{"allow":["GET"]}}],"collection":[{"href":"https:\/\/zonaroja.com.mx\/index.php?rest_route=\/wp\/v2\/posts"}],"about":[{"href":"https:\/\/zonaroja.com.mx\/index.php?rest_route=\/wp\/v2\/types\/post"}],"author":[{"embeddable":true,"href":"https:\/\/zonaroja.com.mx\/index.php?rest_route=\/wp\/v2\/users\/2"}],"replies":[{"embeddable":true,"href":"https:\/\/zonaroja.com.mx\/index.php?rest_route=%2Fwp%2Fv2%2Fcomments&post=64321"}],"version-history":[{"count":1,"href":"https:\/\/zonaroja.com.mx\/index.php?rest_route=\/wp\/v2\/posts\/64321\/revisions"}],"predecessor-version":[{"id":64323,"href":"https:\/\/zonaroja.com.mx\/index.php?rest_route=\/wp\/v2\/posts\/64321\/revisions\/64323"}],"wp:featuredmedia":[{"embeddable":true,"href":"https:\/\/zonaroja.com.mx\/index.php?rest_route=\/wp\/v2\/media\/64322"}],"wp:attachment":[{"href":"https:\/\/zonaroja.com.mx\/index.php?rest_route=%2Fwp%2Fv2%2Fmedia&parent=64321"}],"wp:term":[{"taxonomy":"category","embeddable":true,"href":"https:\/\/zonaroja.com.mx\/index.php?rest_route=%2Fwp%2Fv2%2Fcategories&post=64321"},{"taxonomy":"post_tag","embeddable":true,"href":"https:\/\/zonaroja.com.mx\/index.php?rest_route=%2Fwp%2Fv2%2Ftags&post=64321"}],"curies":[{"name":"wp","href":"https:\/\/api.w.org\/{rel}","templated":true}]}}