{"id":64327,"date":"2024-01-17T20:11:28","date_gmt":"2024-01-18T02:11:28","guid":{"rendered":"http:\/\/www.zonaroja.com.mx\/?p=64327"},"modified":"2024-01-17T20:11:29","modified_gmt":"2024-01-18T02:11:29","slug":"segun-mult-van-12-militantes-asesinados-en-sexenio-de-la-4t-anuncia-marcha","status":"publish","type":"post","link":"https:\/\/zonaroja.com.mx\/?p=64327","title":{"rendered":"Seg\u00fan MULT, van 12 militantes asesinados en sexenio de la 4T; anuncia marcha"},"content":{"rendered":"\n<p>Yuridiana Sosa\/Zona Roja.<\/p>\n\n\n\n<p>Oaxaca de Ju\u00e1rez, Oax. 17 de enero de 2024.- El Movimiento de Unificaci\u00f3n y Lucha Triqui (MULT) anunci\u00f3 una nueva movilizaci\u00f3n para exigir justicia por el asesinato de sus compa\u00f1eros, los cuales suman 12 en lo que va de la administraci\u00f3n estatal actual, iniciada el 1 de diciembre de 2022.<\/p>\n\n\n\n<p>La dirigencia de la organizaci\u00f3n inform\u00f3 de una marcha multitudinaria, de m\u00e1s de 10 mil integrantes, para el pr\u00f3ximo 2 de febrero, a desarrollarse en la capital del estado, desde el mercado zonal de Santa Rosa Panzacola al z\u00f3calo.<\/p>\n\n\n\n<p>Exigen al gobierno federal y estatal atenci\u00f3n real para aplicar justicia por los ataques armados y homicidios de sus compa\u00f1eros en la zona triqui, en la regi\u00f3n Mixteca de la entidad, en donde persiste la violencia e inseguridad en las comunidades aliadas a su organizaci\u00f3n.<\/p>\n\n\n\n<p>Muestra de la falta de condiciones de seguridad son la docena de homicidios contra sus compa\u00f1eros en el transcurso de poco m\u00e1s de un a\u00f1o \u2014de diciembre de 2022 a la fecha\u2014 y de m\u00e1s de 500 en la vida activa de la organizaci\u00f3n, con m\u00e1s de 40 a\u00f1os de antig\u00fcedad.<\/p>\n\n\n\n<p>MESAS SIN SOLUCIONES<\/p>\n\n\n\n<p>El MULT asever\u00f3 que se han entablado diversas mesas de trabajo, pero no hay avances para dar fin a la inseguridad en la zona, as\u00ed como a las principales exigencias, como son la ejecuci\u00f3n de \u00f3rdenes de aprehensiones contra los presuntos responsables de los ataques y ejecuciones.<\/p>\n\n\n\n<p>As\u00ed tambi\u00e9n, como que la Fiscal\u00eda General de Oaxaca realice la cancelaci\u00f3n de los procesos penales contra los militantes que se dedican a la defensa del territorio y recursos naturales.<\/p>\n\n\n\n<p>La dirigencia se\u00f1al\u00f3 que no existen avances porque a los gobiernos no le dan la importancia suficiente a la situaci\u00f3n de la violencia en la zona triqui.<\/p>\n\n\n\n<p>Reclamaron que el gobierno federal quiere resolver la problem\u00e1tica y que se firmen acuerdos de paz dando \u00f3rdenes desde el escritorio, por lo que demandaron que realicen recorridos en la regi\u00f3n y testifiquen sobre la situaci\u00f3n real que viven las comunidades.<\/p>\n\n\n\n<p>\u201cVivimos d\u00eda a d\u00eda el horror y asesinatos por parte de paramilitares que est\u00e1n al servicio de caciques &nbsp;que viven y buscan el poder en las cabeceras de Putla Villa de Guerrero y Juxtlahuaca\u201d, destacaron.<\/p>\n\n\n\n<p>MOVILIZACIONES<\/p>\n\n\n\n<p>El MULT se\u00f1al\u00f3 que la asamblea es la responsable de tomar las decisiones de las acciones que realizan.<\/p>\n\n\n\n<p>La pr\u00f3xima movilizaci\u00f3n iniciar\u00e1 a las 06:00 horas del mercado zonal de Santa Rosa Panzacola al z\u00f3calo capitalino, a la cual convocaron a otras organizaciones.<\/p>\n\n\n\n<p>Pero no descartan realizar otra caravana a la Ciudad de M\u00e9xico para exigir una mesa de di\u00e1logo con el presidente Andr\u00e9s Manuel L\u00f3pez Obrador, antes que termine su gesti\u00f3n.<\/p>\n","protected":false},"excerpt":{"rendered":"<p>Yuridiana Sosa\/Zona Roja. Oaxaca de Ju\u00e1rez, Oax. 17 de enero de 2024.- El Movimiento de&hellip;<\/p>\n","protected":false},"author":2,"featured_media":64328,"comment_status":"closed","ping_status":"open","sticky":false,"template":"","format":"standard","meta":{"_lmt_disableupdate":"","_lmt_disable":"","_jetpack_memberships_contains_paid_content":false,"footnotes":""},"categories":[109,47],"tags":[867],"class_list":["post-64327","post","type-post","status-publish","format-standard","has-post-thumbnail","hentry","category-minuto-a-minuto","category-zona-gris","tag-movimiento-unificador-de-lucha-triqui-mult"],"jetpack_featured_media_url":"https:\/\/zonaroja.com.mx\/wp-content\/uploads\/2024\/01\/Conferencia-de-prensa-MULT.jpg","jetpack_sharing_enabled":true,"_links":{"self":[{"href":"https:\/\/zonaroja.com.mx\/index.php?rest_route=\/wp\/v2\/posts\/64327","targetHints":{"allow":["GET"]}}],"collection":[{"href":"https:\/\/zonaroja.com.mx\/index.php?rest_route=\/wp\/v2\/posts"}],"about":[{"href":"https:\/\/zonaroja.com.mx\/index.php?rest_route=\/wp\/v2\/types\/post"}],"author":[{"embeddable":true,"href":"https:\/\/zonaroja.com.mx\/index.php?rest_route=\/wp\/v2\/users\/2"}],"replies":[{"embeddable":true,"href":"https:\/\/zonaroja.com.mx\/index.php?rest_route=%2Fwp%2Fv2%2Fcomments&post=64327"}],"version-history":[{"count":1,"href":"https:\/\/zonaroja.com.mx\/index.php?rest_route=\/wp\/v2\/posts\/64327\/revisions"}],"predecessor-version":[{"id":64329,"href":"https:\/\/zonaroja.com.mx\/index.php?rest_route=\/wp\/v2\/posts\/64327\/revisions\/64329"}],"wp:featuredmedia":[{"embeddable":true,"href":"https:\/\/zonaroja.com.mx\/index.php?rest_route=\/wp\/v2\/media\/64328"}],"wp:attachment":[{"href":"https:\/\/zonaroja.com.mx\/index.php?rest_route=%2Fwp%2Fv2%2Fmedia&parent=64327"}],"wp:term":[{"taxonomy":"category","embeddable":true,"href":"https:\/\/zonaroja.com.mx\/index.php?rest_route=%2Fwp%2Fv2%2Fcategories&post=64327"},{"taxonomy":"post_tag","embeddable":true,"href":"https:\/\/zonaroja.com.mx\/index.php?rest_route=%2Fwp%2Fv2%2Ftags&post=64327"}],"curies":[{"name":"wp","href":"https:\/\/api.w.org\/{rel}","templated":true}]}}