{"id":64340,"date":"2024-01-18T09:30:00","date_gmt":"2024-01-18T15:30:00","guid":{"rendered":"http:\/\/www.zonaroja.com.mx\/?p=64340"},"modified":"2024-01-18T07:14:01","modified_gmt":"2024-01-18T13:14:01","slug":"liberan-a-4-secuestrados-en-guerrero-y-localiza-a-7-en-edomex","status":"publish","type":"post","link":"https:\/\/zonaroja.com.mx\/?p=64340","title":{"rendered":"Liberan a 4 secuestrados en Guerrero y localiza a 7 en Edomex"},"content":{"rendered":"\n<p>Redacci\u00f3n\/Zona Roja Cdmx.<\/p>\n\n\n\n<p>Ciudad de M\u00e9xico, a 18 de enero de 2024.- Este mi\u00e9rcoles, cuatro de nueve personas secuestradas en el estado de Guerrero, fueron puestas en libertada.<\/p>\n\n\n\n<p>En un comunicado, la Fiscal\u00eda General de la entidad detall\u00f3 que hab\u00edan sido plagiados el pasado domingo presuntamente por un grupo armado, en el municipio de Buenavista de Cu\u00e9llar.<\/p>\n\n\n\n<p>Se detall\u00f3 que los hombres fueron privados de su libertad el domingo pasado mientras estaban en una fiesta en la comunidad de Santa Fe Tepetlapa y de acuerdo con la Fiscal\u00eda, adem\u00e1s de ese municipio la b\u00fasqueda se extendi\u00f3 por comunidades de la ciudad de Taxco.<\/p>\n\n\n\n<p>\u201cDerivado del reforzamiento de los operativos de b\u00fasqueda de nueve personas y el despliegue de autoridades de seguridad federales y estatales en el norte del estado fueron puestos en libertad en el poblado de Zacapalco, cuatro hombres, quienes eran buscados por esta dependencia desde hace cuatro d\u00edas\u201d, detall\u00f3 en el comunicado.<\/p>\n\n\n\n<p>La autoridad indic\u00f3 que, a petici\u00f3n de los familiares, no se emitieron fichas de b\u00fasqueda como parte de la carpeta de investigaci\u00f3n abierta, por el delito de desaparici\u00f3n cometido por particulares en contra de qui\u00e9n o quienes resulten responsables.<\/p>\n\n\n\n<p>A\u00fan siguen en calidad de desaparecidos otros cinco hombres, \u201cpor lo que se mantienen los recorridos y el despliegue de agentes en esa zona\u201d para su localizaci\u00f3n\u201d.<\/p>\n\n\n\n<p>EN EDOMEX<\/p>\n\n\n\n<p>Por otra parte, la Fiscal\u00eda General de Justicia del Estado de M\u00e9xico (FGJEM) inform\u00f3 que se localiz\u00f3 en Zinacantepec a siete de las 14 personas reportadas como desaparecidas tras el enfrentamiento entre pobladores de Texcapilla, municipio de Texcaltitl\u00e1n, y miembros de La familia michoacana, el pasado 8 de diciembre.<\/p>\n\n\n\n<p>De acuerdo con informaci\u00f3n del diario \u201cLa Jornada\u201d, las tres mujeres y cuatro menores encontrados son parte de una familia de nueve integrantes que presuntamente fueron retenidos por miembros de dicha organizaci\u00f3n criminal cuando sal\u00edan de la comunidad minutos despu\u00e9s de la refriega, que dej\u00f3 14 muertos, entre ellos 10 sicarios.<\/p>\n\n\n\n<p>A trav\u00e9s de su cuenta oficial en redes sociales, la FGJEM inform\u00f3 que en un operativo en el que participaron elementos de la Secretar\u00eda de la Defensa Nacional (Sedena) y de la polic\u00eda municipal de Zinacantepec se pudo ubicar a estas personas en el poblado de Ra\u00edces, en las faldas del Nevado de Toluca.<\/p>\n\n\n\n<p>Al llegar a la capilla, la tarde del martes, los agentes de investigaci\u00f3n encontraron a tres mujeres y cuatro menores cuyos rostros eran id\u00e9nticos a los de fotograf\u00edas que aparecen en las fichas de b\u00fasqueda emitida por la fiscal\u00eda el 15 de diciembre, cuando se report\u00f3 su ausencia.<\/p>\n\n\n\n<p>Las siete personas fueron trasladadas a las instalaciones de la fiscal\u00eda, donde se realizaron inspecciones y reconocimientos m\u00e9dicos, \u201cconcluyendo de manera preliminar que se encuentran en aparente buen estado de salud\u201d.<\/p>\n\n\n\n<p>Se trata de Nataly Guadalupe Huicochea Esquivel o Guadalupe Trinidad Rojas; Ana Teresa Huicochea Esquivel, de 19 a\u00f1os, y Norma Esquivel Ortiz, de 36, as\u00ed como los menores de edad: Keyli Nataly y Dylan Tadeo Huicochea Trinidad, de uno y cuatro a\u00f1os de edad, respectivamente, y Lucero Huicochea Esquivel, de 13 a\u00f1os, y su hermano Edwin, de 14.<\/p>\n","protected":false},"excerpt":{"rendered":"<p>Redacci\u00f3n\/Zona Roja Cdmx. Ciudad de M\u00e9xico, a 18 de enero de 2024.- Este mi\u00e9rcoles, cuatro&hellip;<\/p>\n","protected":false},"author":2,"featured_media":64341,"comment_status":"closed","ping_status":"open","sticky":false,"template":"","format":"standard","meta":{"_lmt_disableupdate":"","_lmt_disable":"","_jetpack_memberships_contains_paid_content":false,"footnotes":""},"categories":[109,47],"tags":[80],"class_list":["post-64340","post","type-post","status-publish","format-standard","has-post-thumbnail","hentry","category-minuto-a-minuto","category-zona-gris","tag-guerrero"],"jetpack_featured_media_url":"https:\/\/zonaroja.com.mx\/wp-content\/uploads\/2024\/01\/Liberados-Buenavista-Guerrero.jpg.webp","jetpack_sharing_enabled":true,"_links":{"self":[{"href":"https:\/\/zonaroja.com.mx\/index.php?rest_route=\/wp\/v2\/posts\/64340","targetHints":{"allow":["GET"]}}],"collection":[{"href":"https:\/\/zonaroja.com.mx\/index.php?rest_route=\/wp\/v2\/posts"}],"about":[{"href":"https:\/\/zonaroja.com.mx\/index.php?rest_route=\/wp\/v2\/types\/post"}],"author":[{"embeddable":true,"href":"https:\/\/zonaroja.com.mx\/index.php?rest_route=\/wp\/v2\/users\/2"}],"replies":[{"embeddable":true,"href":"https:\/\/zonaroja.com.mx\/index.php?rest_route=%2Fwp%2Fv2%2Fcomments&post=64340"}],"version-history":[{"count":1,"href":"https:\/\/zonaroja.com.mx\/index.php?rest_route=\/wp\/v2\/posts\/64340\/revisions"}],"predecessor-version":[{"id":64342,"href":"https:\/\/zonaroja.com.mx\/index.php?rest_route=\/wp\/v2\/posts\/64340\/revisions\/64342"}],"wp:featuredmedia":[{"embeddable":true,"href":"https:\/\/zonaroja.com.mx\/index.php?rest_route=\/wp\/v2\/media\/64341"}],"wp:attachment":[{"href":"https:\/\/zonaroja.com.mx\/index.php?rest_route=%2Fwp%2Fv2%2Fmedia&parent=64340"}],"wp:term":[{"taxonomy":"category","embeddable":true,"href":"https:\/\/zonaroja.com.mx\/index.php?rest_route=%2Fwp%2Fv2%2Fcategories&post=64340"},{"taxonomy":"post_tag","embeddable":true,"href":"https:\/\/zonaroja.com.mx\/index.php?rest_route=%2Fwp%2Fv2%2Ftags&post=64340"}],"curies":[{"name":"wp","href":"https:\/\/api.w.org\/{rel}","templated":true}]}}