{"id":64343,"date":"2024-01-18T08:14:00","date_gmt":"2024-01-18T14:14:00","guid":{"rendered":"http:\/\/www.zonaroja.com.mx\/?p=64343"},"modified":"2024-01-18T07:25:11","modified_gmt":"2024-01-18T13:25:11","slug":"ejecutan-a-taxista-en-el-destino-turistico-de-puerto-escondido","status":"publish","type":"post","link":"https:\/\/zonaroja.com.mx\/?p=64343","title":{"rendered":"Ejecutan a taxista en el destino tur\u00edstico de Puerto Escondido"},"content":{"rendered":"\n<p>Raymundo Morales\/Zona Roja.<\/p>\n\n\n\n<p>Oaxaca de Ju\u00e1rez, Oax., a 18 de enero de 2024.- Un trabajador del volante fue asesinado a balazos la noche de ayer mi\u00e9rcoles, en el destino tur\u00edstico de Puerto Escondido, Oaxaca.<\/p>\n\n\n\n<p>Fue a la entrada de la playa Tierra Blanca, jurisdicci\u00f3n del municipio de Santa Mar\u00eda Colotepec, en que localizaron el cuerpo de quien fue identificado como Eleazar \u201cN\u201d.<\/p>\n\n\n\n<p>Era chofer del taxi del sitio \u201cPuerto Escondido\u201d, con n\u00famero econ\u00f3mico 07-227 y, de acuerdo con informes policiacos, presentaba impactos de arma de fuego en el cuerpo y la cabeza y estaba a un costado de la unidad de motor.<\/p>\n\n\n\n<p>Personal de la Vicefiscal\u00eda Regional de la Costa, dependiente de la Fiscal\u00eda General del Estado de Oaxaca, inici\u00f3 las indagatorias correspondientes, con la finalidad de dar con el o los responsables de la ejecuci\u00f3n.<\/p>\n\n\n\n<p>Hasta el momento no se ha dado a conocer qui\u00e9n o qui\u00e9nes lo privaron de la vida, as\u00ed como el m\u00f3vil del asesinato.<\/p>\n","protected":false},"excerpt":{"rendered":"<p>Raymundo Morales\/Zona Roja. Oaxaca de Ju\u00e1rez, Oax., a 18 de enero de 2024.- Un trabajador&hellip;<\/p>\n","protected":false},"author":2,"featured_media":64345,"comment_status":"closed","ping_status":"open","sticky":false,"template":"","format":"standard","meta":{"_lmt_disableupdate":"","_lmt_disable":"","_jetpack_memberships_contains_paid_content":false,"footnotes":""},"categories":[109,51],"tags":[590],"class_list":["post-64343","post","type-post","status-publish","format-standard","has-post-thumbnail","hentry","category-minuto-a-minuto","category-zona-roja","tag-puerto-escondido"],"jetpack_featured_media_url":"https:\/\/zonaroja.com.mx\/wp-content\/uploads\/2024\/01\/Taxi-ilustracion.jpeg","jetpack_sharing_enabled":true,"_links":{"self":[{"href":"https:\/\/zonaroja.com.mx\/index.php?rest_route=\/wp\/v2\/posts\/64343","targetHints":{"allow":["GET"]}}],"collection":[{"href":"https:\/\/zonaroja.com.mx\/index.php?rest_route=\/wp\/v2\/posts"}],"about":[{"href":"https:\/\/zonaroja.com.mx\/index.php?rest_route=\/wp\/v2\/types\/post"}],"author":[{"embeddable":true,"href":"https:\/\/zonaroja.com.mx\/index.php?rest_route=\/wp\/v2\/users\/2"}],"replies":[{"embeddable":true,"href":"https:\/\/zonaroja.com.mx\/index.php?rest_route=%2Fwp%2Fv2%2Fcomments&post=64343"}],"version-history":[{"count":1,"href":"https:\/\/zonaroja.com.mx\/index.php?rest_route=\/wp\/v2\/posts\/64343\/revisions"}],"predecessor-version":[{"id":64346,"href":"https:\/\/zonaroja.com.mx\/index.php?rest_route=\/wp\/v2\/posts\/64343\/revisions\/64346"}],"wp:featuredmedia":[{"embeddable":true,"href":"https:\/\/zonaroja.com.mx\/index.php?rest_route=\/wp\/v2\/media\/64345"}],"wp:attachment":[{"href":"https:\/\/zonaroja.com.mx\/index.php?rest_route=%2Fwp%2Fv2%2Fmedia&parent=64343"}],"wp:term":[{"taxonomy":"category","embeddable":true,"href":"https:\/\/zonaroja.com.mx\/index.php?rest_route=%2Fwp%2Fv2%2Fcategories&post=64343"},{"taxonomy":"post_tag","embeddable":true,"href":"https:\/\/zonaroja.com.mx\/index.php?rest_route=%2Fwp%2Fv2%2Ftags&post=64343"}],"curies":[{"name":"wp","href":"https:\/\/api.w.org\/{rel}","templated":true}]}}