{"id":64359,"date":"2024-01-18T11:38:46","date_gmt":"2024-01-18T17:38:46","guid":{"rendered":"http:\/\/www.zonaroja.com.mx\/?p=64359"},"modified":"2024-01-18T11:42:33","modified_gmt":"2024-01-18T17:42:33","slug":"tras-cateo-atacan-a-personal-de-la-fiscalia-un-agente-muerto-y-delincuente-abatido","status":"publish","type":"post","link":"https:\/\/zonaroja.com.mx\/?p=64359","title":{"rendered":"Tras cateo, atacan a personal de la Fiscal\u00eda; un agente muerto y delincuente abatido"},"content":{"rendered":"\n<p>Redacci\u00f3n\/Zona Roja. <\/p>\n\n\n\n<p>Oaxaca de Ju\u00e1rez, Oax.. a 18 de enero de 2014.-&nbsp;La Fiscal\u00eda General del Estado de Oaxaca (FGEO) realiz\u00f3 un operativo&nbsp; conjunto&nbsp; con la Polic\u00eda Estatal de la Secretar\u00eda de Seguridad&nbsp; y Protecci\u00f3n Ciudadana, as\u00ed como elementos de la polic\u00eda municipal de San Gabriel Mixtepec, para ejecutar una orden de cateo para aprehender a F. M. A., alias&nbsp;<em>\u201cel Catr\u00edn<\/em>\u201d, uno de los principales operadores del crimen y generadores de violencia en la regi\u00f3n&nbsp; de la Costa, por el delito de homicidio calificado; sin embargo, los elementos policiales fueron agredidos a balazos, lo que provoc\u00f3 el fallecimiento de un elemento de la Agencia Estatal de Investigaciones (AEI), as\u00ed como otros dos efectivos heridos, mientras que el agresor fue abatido.&nbsp;<\/p>\n\n\n\n<p>&nbsp;<\/p>\n\n\n\n<p>La FGEO detall\u00f3 que, durante el operativo realizado en la carretera estatal n\u00famero 131 en el kil\u00f3metro 206, en inmediaciones del paraje \u201cEl Camar\u00f3n\u201d, las y los elementos fueron agredidos con armas de fuego. Ante los hechos, la instituci\u00f3n procuradora de justicia confirm\u00f3 el fallecimiento de R. C. G., placa 337; adem\u00e1s de que otros dos agentes estatales de investigaci\u00f3n resultaron lesionados, quienes reciben atenci\u00f3n m\u00e9dica especializada.<\/p>\n\n\n\n<p>&nbsp;<\/p>\n\n\n\n<p>Respecto al despliegue t\u00e1ctico, se efectu\u00f3 para ejecutar una orden de aprehensi\u00f3n contra un objetivo prioritario, quien fue abatido en lugar de los hechos, identificado como F. M. A., alias&nbsp;<em>\u201cel Catr\u00edn<\/em>\u201d, persona que representaba un riesgo para la seguridad p\u00fablica, adem\u00e1s que estar\u00eda involucrado en diversos delitos y actividades criminales en la regi\u00f3n.<\/p>\n\n\n\n<p>&nbsp;<\/p>\n\n\n\n<p>Tras los hechos, tanto la FGEO, as\u00ed como la Polic\u00eda Estatal de la SSPC y elementos de la Guardia Nacional, fortalecen e intensifican un operativo para preservar y garantizar la seguridad en la zona.<\/p>\n\n\n\n<p>&nbsp;<\/p>\n\n\n\n<p>La Fiscal\u00eda General del Estado de Oaxaca lamenta el fallecimiento de un elemento de la AEI y brinda apoyo y acompa\u00f1amiento en todo momento para los elementos lesionados, adem\u00e1s que, condena este tipo de agresiones que representan una afrenta contra las fuerzas del Estado, por lo se compromete a agotar los recursos legales durante las investigaciones correspondientes.<\/p>\n\n\n\n<p>(Comunico)<\/p>\n","protected":false},"excerpt":{"rendered":"<p>Redacci\u00f3n\/Zona Roja. Oaxaca de Ju\u00e1rez, Oax.. a 18 de enero de 2014.-&nbsp;La Fiscal\u00eda General del&hellip;<\/p>\n","protected":false},"author":2,"featured_media":48186,"comment_status":"closed","ping_status":"open","sticky":false,"template":"","format":"standard","meta":{"_lmt_disableupdate":"","_lmt_disable":"","_jetpack_memberships_contains_paid_content":false,"footnotes":""},"categories":[109,51],"tags":[],"class_list":["post-64359","post","type-post","status-publish","format-standard","has-post-thumbnail","hentry","category-minuto-a-minuto","category-zona-roja"],"jetpack_featured_media_url":"https:\/\/zonaroja.com.mx\/wp-content\/uploads\/2022\/11\/AEI-Agencia-Estatal-Investigaciones.jpeg","jetpack_sharing_enabled":true,"_links":{"self":[{"href":"https:\/\/zonaroja.com.mx\/index.php?rest_route=\/wp\/v2\/posts\/64359","targetHints":{"allow":["GET"]}}],"collection":[{"href":"https:\/\/zonaroja.com.mx\/index.php?rest_route=\/wp\/v2\/posts"}],"about":[{"href":"https:\/\/zonaroja.com.mx\/index.php?rest_route=\/wp\/v2\/types\/post"}],"author":[{"embeddable":true,"href":"https:\/\/zonaroja.com.mx\/index.php?rest_route=\/wp\/v2\/users\/2"}],"replies":[{"embeddable":true,"href":"https:\/\/zonaroja.com.mx\/index.php?rest_route=%2Fwp%2Fv2%2Fcomments&post=64359"}],"version-history":[{"count":1,"href":"https:\/\/zonaroja.com.mx\/index.php?rest_route=\/wp\/v2\/posts\/64359\/revisions"}],"predecessor-version":[{"id":64360,"href":"https:\/\/zonaroja.com.mx\/index.php?rest_route=\/wp\/v2\/posts\/64359\/revisions\/64360"}],"wp:featuredmedia":[{"embeddable":true,"href":"https:\/\/zonaroja.com.mx\/index.php?rest_route=\/wp\/v2\/media\/48186"}],"wp:attachment":[{"href":"https:\/\/zonaroja.com.mx\/index.php?rest_route=%2Fwp%2Fv2%2Fmedia&parent=64359"}],"wp:term":[{"taxonomy":"category","embeddable":true,"href":"https:\/\/zonaroja.com.mx\/index.php?rest_route=%2Fwp%2Fv2%2Fcategories&post=64359"},{"taxonomy":"post_tag","embeddable":true,"href":"https:\/\/zonaroja.com.mx\/index.php?rest_route=%2Fwp%2Fv2%2Ftags&post=64359"}],"curies":[{"name":"wp","href":"https:\/\/api.w.org\/{rel}","templated":true}]}}