{"id":64367,"date":"2024-01-18T20:43:15","date_gmt":"2024-01-19T02:43:15","guid":{"rendered":"http:\/\/www.zonaroja.com.mx\/?p=64367"},"modified":"2024-01-18T20:43:17","modified_gmt":"2024-01-19T02:43:17","slug":"violencia-criminal-en-juchitan-asesinan-a-dos-este-jueves","status":"publish","type":"post","link":"https:\/\/zonaroja.com.mx\/?p=64367","title":{"rendered":"Violencia criminal en Juchit\u00e1n: asesinan a dos este jueves"},"content":{"rendered":"\n<p>Raymundo Morales\/Zona Roja.<\/p>\n\n\n\n<p>Oaxaca de Ju\u00e1rez, Oax., a 18 de enero de 2024.- En el municipio de Juchit\u00e1n de Zaragoza la ola criminal crece.<\/p>\n\n\n\n<p>La tarde de este jueves, dos personas del sexo masculino fueron asesinadas por disparos de arma de fuego, en la S\u00e9ptima Secci\u00f3n.<\/p>\n\n\n\n<p>Integrantes de un probable grupo armado ingresaron hasta el domicilio de las v\u00edctimas en el callej\u00f3n Los Pescadores y acribillaron a los dos hombres, tras lo cual huyeron sin ser interceptados por la polic\u00eda municipal.<\/p>\n\n\n\n<p>Param\u00e9dicos arribaron al sitio pero corroboraron que ya no contaban con signos vitales; de acuerdo con las im\u00e1genes compartidas en redes sociales, un hombre qued\u00f3 bocabajo en el piso y otro sobre una hamaca.<\/p>\n\n\n\n<p>Hasta el momento no hay datos fehacientes para identificar a las v\u00edctimas y la Vicefiscal\u00eda Regional del Istmo contin\u00faa con indagatorias correspondientes.<\/p>\n\n\n\n<p>Apenas el pasado 8 de enero, hace una semana, un individuo tambi\u00e9n fue ultimado a balazos.<\/p>\n\n\n\n<p>Pese a la ola violenta, el presidente municipal Miguel S\u00e1nchez Altamirano, no ha implementado los operativos de seguridad para proteger a la poblaci\u00f3n y, seg\u00fan los juchitecos, se ha dedicado a actividades proselitistas para repetir en el cargo.&nbsp;<\/p>\n","protected":false},"excerpt":{"rendered":"<p>Raymundo Morales\/Zona Roja. Oaxaca de Ju\u00e1rez, Oax., a 18 de enero de 2024.- En el&hellip;<\/p>\n","protected":false},"author":2,"featured_media":64368,"comment_status":"closed","ping_status":"open","sticky":false,"template":"","format":"standard","meta":{"_lmt_disableupdate":"","_lmt_disable":"","_jetpack_memberships_contains_paid_content":false,"footnotes":""},"categories":[109,51],"tags":[123],"class_list":["post-64367","post","type-post","status-publish","format-standard","has-post-thumbnail","hentry","category-minuto-a-minuto","category-zona-roja","tag-juchitan-de-zaragoza"],"jetpack_featured_media_url":"https:\/\/zonaroja.com.mx\/wp-content\/uploads\/2024\/01\/Dos-ejecutados-Juchitan-Oaxaca.jpg","jetpack_sharing_enabled":true,"_links":{"self":[{"href":"https:\/\/zonaroja.com.mx\/index.php?rest_route=\/wp\/v2\/posts\/64367","targetHints":{"allow":["GET"]}}],"collection":[{"href":"https:\/\/zonaroja.com.mx\/index.php?rest_route=\/wp\/v2\/posts"}],"about":[{"href":"https:\/\/zonaroja.com.mx\/index.php?rest_route=\/wp\/v2\/types\/post"}],"author":[{"embeddable":true,"href":"https:\/\/zonaroja.com.mx\/index.php?rest_route=\/wp\/v2\/users\/2"}],"replies":[{"embeddable":true,"href":"https:\/\/zonaroja.com.mx\/index.php?rest_route=%2Fwp%2Fv2%2Fcomments&post=64367"}],"version-history":[{"count":1,"href":"https:\/\/zonaroja.com.mx\/index.php?rest_route=\/wp\/v2\/posts\/64367\/revisions"}],"predecessor-version":[{"id":64369,"href":"https:\/\/zonaroja.com.mx\/index.php?rest_route=\/wp\/v2\/posts\/64367\/revisions\/64369"}],"wp:featuredmedia":[{"embeddable":true,"href":"https:\/\/zonaroja.com.mx\/index.php?rest_route=\/wp\/v2\/media\/64368"}],"wp:attachment":[{"href":"https:\/\/zonaroja.com.mx\/index.php?rest_route=%2Fwp%2Fv2%2Fmedia&parent=64367"}],"wp:term":[{"taxonomy":"category","embeddable":true,"href":"https:\/\/zonaroja.com.mx\/index.php?rest_route=%2Fwp%2Fv2%2Fcategories&post=64367"},{"taxonomy":"post_tag","embeddable":true,"href":"https:\/\/zonaroja.com.mx\/index.php?rest_route=%2Fwp%2Fv2%2Ftags&post=64367"}],"curies":[{"name":"wp","href":"https:\/\/api.w.org\/{rel}","templated":true}]}}