{"id":6437,"date":"2019-12-07T09:46:38","date_gmt":"2019-12-07T15:46:38","guid":{"rendered":"http:\/\/www.zonaroja.com.mx\/?p=6437"},"modified":"2019-12-07T09:46:41","modified_gmt":"2019-12-07T15:46:41","slug":"trump-le-hace-caso-a-amlo-y-recula-en-calificar-a-narcos-como-terroristas","status":"publish","type":"post","link":"https:\/\/zonaroja.com.mx\/?p=6437","title":{"rendered":"Trump le hace caso a AMLO y recula en calificar a narcos como terroristas"},"content":{"rendered":"\n<p>Redacci\u00f3n\/Zona Roja Cdmx.<\/p>\n\n\n\n<p>Ciudad de M\u00e9xico, 7 de diciembre de\n2019.- \u201cA petici\u00f3n de un hombre que me gusta y respeto, y que ha trabajado tan\nbien con nosotros, el presidente Andr\u00e9s Manuel L\u00f3pez Obrador, aplazamos\ntemporalmente esa designaci\u00f3n\u201d, de calificar como terroristas a\nnarcotraficantes norteamericanos.<\/p>\n\n\n\n<p>As\u00ed lo tuite\u00f3 ayer el presidente de los\nEstados Unidos de Norteam\u00e9rica, Donald Trump, al anunciar el aplazamiento de su\ndecisi\u00f3n.<\/p>\n\n\n\n<p>\u201cTodo el trabajo necesario para\ndeclarar organizaciones terroristas a los c\u00e1rteles mexicanos est\u00e1 completo.\nLegalmente estamos listos para hacerlo\u201d, anunci\u00f3 a trav\u00e9s de su cuenta Twitter,\nmedio de comunicaci\u00f3n m\u00e1s utilizado por el mandatario mexicano.<\/p>\n\n\n\n<p>\u201cSin embargo \u2014a\u00f1adi\u00f3\u2014, a petici\u00f3n de un\nhombre que me gusta y respeto, y que ha trabajado tan bien con nosotros, el\npresidente Andr\u00e9s Manuel L\u00f3pez Obrador, aplazamos temporalmente esa\ndesignaci\u00f3n\u201d.<\/p>\n\n\n\n<p>La semana pasada, el presidente\nnorteamericano dio a conocer su intenci\u00f3n de designar a los c\u00e1rteles como\norganizaciones terroristas.<\/p>\n\n\n\n<p>Con ello, el gobierno de ese pa\u00eds\nquedar\u00eda facultado para intervenir en M\u00e9xico en la presunta b\u00fasqueda de capos\nde la droga, bajo cualquier m\u00e9todo, incluyendo la violencia.<\/p>\n\n\n\n<p>Por su parte, el mandatario mexicano L\u00f3pez\nObrador reconoci\u00f3 que su hom\u00f3logo estadounidense haya retrasado la designaci\u00f3n.\nIncluso, el mandatario le tendi\u00f3 la \u201cmano franca\u201d.<\/p>\n","protected":false},"excerpt":{"rendered":"<p>Redacci\u00f3n\/Zona Roja Cdmx. Ciudad de M\u00e9xico, 7 de diciembre de 2019.- \u201cA petici\u00f3n de un&hellip;<\/p>\n","protected":false},"author":2,"featured_media":6438,"comment_status":"closed","ping_status":"open","sticky":false,"template":"","format":"standard","meta":{"_lmt_disableupdate":"","_lmt_disable":"","_jetpack_memberships_contains_paid_content":false,"footnotes":""},"categories":[109,47],"tags":[1060],"class_list":["post-6437","post","type-post","status-publish","format-standard","has-post-thumbnail","hentry","category-minuto-a-minuto","category-zona-gris","tag-donald-trump"],"jetpack_featured_media_url":"https:\/\/zonaroja.com.mx\/wp-content\/uploads\/2019\/12\/Donald-Trump.jpg","jetpack_sharing_enabled":true,"_links":{"self":[{"href":"https:\/\/zonaroja.com.mx\/index.php?rest_route=\/wp\/v2\/posts\/6437","targetHints":{"allow":["GET"]}}],"collection":[{"href":"https:\/\/zonaroja.com.mx\/index.php?rest_route=\/wp\/v2\/posts"}],"about":[{"href":"https:\/\/zonaroja.com.mx\/index.php?rest_route=\/wp\/v2\/types\/post"}],"author":[{"embeddable":true,"href":"https:\/\/zonaroja.com.mx\/index.php?rest_route=\/wp\/v2\/users\/2"}],"replies":[{"embeddable":true,"href":"https:\/\/zonaroja.com.mx\/index.php?rest_route=%2Fwp%2Fv2%2Fcomments&post=6437"}],"version-history":[{"count":1,"href":"https:\/\/zonaroja.com.mx\/index.php?rest_route=\/wp\/v2\/posts\/6437\/revisions"}],"predecessor-version":[{"id":6439,"href":"https:\/\/zonaroja.com.mx\/index.php?rest_route=\/wp\/v2\/posts\/6437\/revisions\/6439"}],"wp:featuredmedia":[{"embeddable":true,"href":"https:\/\/zonaroja.com.mx\/index.php?rest_route=\/wp\/v2\/media\/6438"}],"wp:attachment":[{"href":"https:\/\/zonaroja.com.mx\/index.php?rest_route=%2Fwp%2Fv2%2Fmedia&parent=6437"}],"wp:term":[{"taxonomy":"category","embeddable":true,"href":"https:\/\/zonaroja.com.mx\/index.php?rest_route=%2Fwp%2Fv2%2Fcategories&post=6437"},{"taxonomy":"post_tag","embeddable":true,"href":"https:\/\/zonaroja.com.mx\/index.php?rest_route=%2Fwp%2Fv2%2Ftags&post=6437"}],"curies":[{"name":"wp","href":"https:\/\/api.w.org\/{rel}","templated":true}]}}