{"id":64376,"date":"2024-01-19T08:30:00","date_gmt":"2024-01-19T14:30:00","guid":{"rendered":"http:\/\/www.zonaroja.com.mx\/?p=64376"},"modified":"2024-01-19T07:07:09","modified_gmt":"2024-01-19T13:07:09","slug":"firma-oaxaca-convenio-con-imss-bienestar-para-iniciar-operaciones-en-marzo","status":"publish","type":"post","link":"https:\/\/zonaroja.com.mx\/?p=64376","title":{"rendered":"Firma Oaxaca convenio con IMSS Bienestar, para iniciar operaciones en marzo"},"content":{"rendered":"\n<p>Redacci\u00f3n\/Zona Roja.<\/p>\n\n\n\n<p>Oaxaca de Ju\u00e1rez, Oax., a 19 de enero de 2024.- El gobierno de Oaxaca, junto con otras entidades, firm\u00f3 ayer un convenio para el inicio de operaciones de IMSS Bienestar, programado para el mes de marzo.<\/p>\n\n\n\n<p>El titular del Poder Ejecutivo estatal, Salom\u00f3n Jara Cruz, sign\u00f3 el documento durante un encuentro efectuado en el Palacio Nacional, Ciudad de M\u00e9xico, y que fue convocado por el Presidente Andr\u00e9s Manuel L\u00f3pez Obrador.<\/p>\n\n\n\n<p>De acuerdo con un comunicado de prensa, en esta estrategia participan 23 gobernadoras y gobernadores del pa\u00eds, con el objetivo de brindar atenci\u00f3n m\u00e9dica, medicamentos de calidad y gratuitos para las y los mexicanos, sin distinci\u00f3n alguna.<\/p>\n\n\n\n<p>Durante la actividad, el mandatario estatal asegur\u00f3 que con este nuevo modelo de salud, el Gobierno de la Rep\u00fablica y los gobiernos estatales garantizan que todas las personas y comunidades tengan acceso a estos servicios.<\/p>\n\n\n\n<p>\u201cEl Presidente de la Rep\u00fablica Andr\u00e9s Manuel L\u00f3pez Obrador nos convoc\u00f3 para dar continuidad a la federalizaci\u00f3n de este sistema, el cual determina el traspaso de inmuebles, muebles y equipamiento de las unidades de salud que ser\u00e1n operadas formalmente en marzo por el IMSS Bienestar\u201d, se\u00f1al\u00f3.<\/p>\n\n\n\n<p>Finalmente, Jara Cruz reconoci\u00f3 la labor que realiza el Presidente de la Rep\u00fablica y el director del IMSS, Zo\u00e9 Robledo Aburto para abonar a este derecho humano y brindar el programa IMSS Bienestar en favor de cientos de familias.<\/p>\n","protected":false},"excerpt":{"rendered":"<p>Redacci\u00f3n\/Zona Roja. Oaxaca de Ju\u00e1rez, Oax., a 19 de enero de 2024.- El gobierno de&hellip;<\/p>\n","protected":false},"author":2,"featured_media":64377,"comment_status":"closed","ping_status":"open","sticky":false,"template":"","format":"standard","meta":{"_lmt_disableupdate":"","_lmt_disable":"","_jetpack_memberships_contains_paid_content":false,"footnotes":""},"categories":[109,46],"tags":[939],"class_list":["post-64376","post","type-post","status-publish","format-standard","has-post-thumbnail","hentry","category-minuto-a-minuto","category-zona-blanca","tag-salomon-jara-cruz"],"jetpack_featured_media_url":"https:\/\/zonaroja.com.mx\/wp-content\/uploads\/2024\/01\/Reunion-Salomon-Jara-IMSS-Bienestar-ciudad-de-Mexico.jpeg","jetpack_sharing_enabled":true,"_links":{"self":[{"href":"https:\/\/zonaroja.com.mx\/index.php?rest_route=\/wp\/v2\/posts\/64376","targetHints":{"allow":["GET"]}}],"collection":[{"href":"https:\/\/zonaroja.com.mx\/index.php?rest_route=\/wp\/v2\/posts"}],"about":[{"href":"https:\/\/zonaroja.com.mx\/index.php?rest_route=\/wp\/v2\/types\/post"}],"author":[{"embeddable":true,"href":"https:\/\/zonaroja.com.mx\/index.php?rest_route=\/wp\/v2\/users\/2"}],"replies":[{"embeddable":true,"href":"https:\/\/zonaroja.com.mx\/index.php?rest_route=%2Fwp%2Fv2%2Fcomments&post=64376"}],"version-history":[{"count":1,"href":"https:\/\/zonaroja.com.mx\/index.php?rest_route=\/wp\/v2\/posts\/64376\/revisions"}],"predecessor-version":[{"id":64378,"href":"https:\/\/zonaroja.com.mx\/index.php?rest_route=\/wp\/v2\/posts\/64376\/revisions\/64378"}],"wp:featuredmedia":[{"embeddable":true,"href":"https:\/\/zonaroja.com.mx\/index.php?rest_route=\/wp\/v2\/media\/64377"}],"wp:attachment":[{"href":"https:\/\/zonaroja.com.mx\/index.php?rest_route=%2Fwp%2Fv2%2Fmedia&parent=64376"}],"wp:term":[{"taxonomy":"category","embeddable":true,"href":"https:\/\/zonaroja.com.mx\/index.php?rest_route=%2Fwp%2Fv2%2Fcategories&post=64376"},{"taxonomy":"post_tag","embeddable":true,"href":"https:\/\/zonaroja.com.mx\/index.php?rest_route=%2Fwp%2Fv2%2Ftags&post=64376"}],"curies":[{"name":"wp","href":"https:\/\/api.w.org\/{rel}","templated":true}]}}