{"id":64385,"date":"2024-01-20T12:30:00","date_gmt":"2024-01-20T18:30:00","guid":{"rendered":"http:\/\/www.zonaroja.com.mx\/?p=64385"},"modified":"2024-01-19T20:33:21","modified_gmt":"2024-01-20T02:33:21","slug":"periodistas-de-los-angeles-times-protestaran-por-inminentes-despidos","status":"publish","type":"post","link":"https:\/\/zonaroja.com.mx\/?p=64385","title":{"rendered":"Periodistas de \u201cLos \u00c1ngeles Times\u201d protestar\u00e1n por inminentes despidos"},"content":{"rendered":"\n<p>Redacci\u00f3n\/Zona Roja Cdmx.<\/p>\n\n\n\n<p>Ciudad de M\u00e9xico, a 20 de enero de 2024.- Periodistas de \u201cLos \u00c1ngeles Times\u201d entrar\u00e1n en huelga por un d\u00eda este viernes, ello debido a que el diario planea despedir a un n\u00famero \u201csignificativo\u201d de periodistas, dijo el jueves el sindicato del peri\u00f3dico.<\/p>\n\n\n\n<p>Los despidos podr\u00edan afectar a al menos a 100 periodistas o alrededor de 20 por ciento de la sala de redacci\u00f3n en una medida para abordar las presiones financieras del peri\u00f3dico, seg\u00fan personas familiarizadas con el asunto.<\/p>\n\n\n\n<p>\u201cLa direcci\u00f3n necesita venir a la mesa de negociaciones de buena fe y elaborar un plan de compra con nosotros que primero articule una plantilla clara o un ahorro de costos al que aspiran\u201d, dijo el sindicato en un comunicado, a\u00f1adiendo que la direcci\u00f3n deber\u00eda luego intentar alcanzar ese n\u00famero con la menor cantidad de despidos posible.<\/p>\n\n\n\n<p>En un comunicado a Reuters se\u00f1al\u00f3 que desconoc\u00eda el n\u00famero de recortes de empleo. \u201cLa gerencia se ha negado a decir oficialmente qu\u00e9 es, lo cual es parte del motivo por el que nos retiraremos ma\u00f1ana\u201d.<\/p>\n\n\n\n<p>\u201cLos \u00c1ngeles Times\u201d no respondi\u00f3 de inmediato a una solicitud de comentarios de Reuters.<\/p>\n\n\n\n<p>Estos recortes de empleo se producen despu\u00e9s de que el editor ejecutivo del peri\u00f3dico, Kevin M\u00e9rida, renunci\u00f3 a su cargo la semana pasada despu\u00e9s de m\u00e1s de dos a\u00f1os.<\/p>\n\n\n\n<p>(Informaci\u00f3n de la agencia Reuters en \u201cLa Jornada\u201d<\/p>\n","protected":false},"excerpt":{"rendered":"<p>Redacci\u00f3n\/Zona Roja Cdmx. Ciudad de M\u00e9xico, a 20 de enero de 2024.- Periodistas de \u201cLos&hellip;<\/p>\n","protected":false},"author":2,"featured_media":64386,"comment_status":"closed","ping_status":"open","sticky":false,"template":"","format":"standard","meta":{"_lmt_disableupdate":"","_lmt_disable":"","_jetpack_memberships_contains_paid_content":false,"footnotes":""},"categories":[109,47],"tags":[],"class_list":["post-64385","post","type-post","status-publish","format-standard","has-post-thumbnail","hentry","category-minuto-a-minuto","category-zona-gris"],"jetpack_featured_media_url":"https:\/\/zonaroja.com.mx\/wp-content\/uploads\/2024\/01\/Los-Angeles-Times.webp","jetpack_sharing_enabled":true,"_links":{"self":[{"href":"https:\/\/zonaroja.com.mx\/index.php?rest_route=\/wp\/v2\/posts\/64385","targetHints":{"allow":["GET"]}}],"collection":[{"href":"https:\/\/zonaroja.com.mx\/index.php?rest_route=\/wp\/v2\/posts"}],"about":[{"href":"https:\/\/zonaroja.com.mx\/index.php?rest_route=\/wp\/v2\/types\/post"}],"author":[{"embeddable":true,"href":"https:\/\/zonaroja.com.mx\/index.php?rest_route=\/wp\/v2\/users\/2"}],"replies":[{"embeddable":true,"href":"https:\/\/zonaroja.com.mx\/index.php?rest_route=%2Fwp%2Fv2%2Fcomments&post=64385"}],"version-history":[{"count":2,"href":"https:\/\/zonaroja.com.mx\/index.php?rest_route=\/wp\/v2\/posts\/64385\/revisions"}],"predecessor-version":[{"id":64401,"href":"https:\/\/zonaroja.com.mx\/index.php?rest_route=\/wp\/v2\/posts\/64385\/revisions\/64401"}],"wp:featuredmedia":[{"embeddable":true,"href":"https:\/\/zonaroja.com.mx\/index.php?rest_route=\/wp\/v2\/media\/64386"}],"wp:attachment":[{"href":"https:\/\/zonaroja.com.mx\/index.php?rest_route=%2Fwp%2Fv2%2Fmedia&parent=64385"}],"wp:term":[{"taxonomy":"category","embeddable":true,"href":"https:\/\/zonaroja.com.mx\/index.php?rest_route=%2Fwp%2Fv2%2Fcategories&post=64385"},{"taxonomy":"post_tag","embeddable":true,"href":"https:\/\/zonaroja.com.mx\/index.php?rest_route=%2Fwp%2Fv2%2Ftags&post=64385"}],"curies":[{"name":"wp","href":"https:\/\/api.w.org\/{rel}","templated":true}]}}