{"id":64388,"date":"2024-01-19T13:24:00","date_gmt":"2024-01-19T19:24:00","guid":{"rendered":"http:\/\/www.zonaroja.com.mx\/?p=64388"},"modified":"2024-01-19T08:25:29","modified_gmt":"2024-01-19T14:25:29","slug":"opinion-cuanto-gana-loret","status":"publish","type":"post","link":"https:\/\/zonaroja.com.mx\/?p=64388","title":{"rendered":"Opini\u00f3n. \u00bfCu\u00e1nto gana Loret?"},"content":{"rendered":"\n<p>N\u00e9stor Y. S\u00e1nchez Islas.<\/p>\n\n\n\n<p>Mientras el pa\u00eds est\u00e1 convertido en un campo de batalla, los desaparecidos y los muertos aumentan d\u00eda tras d\u00eda y la tolerancia al crimen organizado ha entregado enormes extensiones&nbsp;del territorio&nbsp;a la delincuencia, desde el palacio nacional se alimenta un d\u00eda s\u00ed y otro tambi\u00e9n, un discurso t\u00f3xico que polariza profundamente a los mexicanos.<\/p>\n\n\n\n<p>No es un orador dotado para la ret\u00f3rica, pero si es muy h\u00e1bil en el insulto r\u00e1pido y la descalificaci\u00f3n a priori de todo aquel que piensa diferente. Acusa sin pruebas, descalifica a la ligera, su discurso es absolutamente burdo y sus ademanes&nbsp;torpes. Sin embargo, es lo burdo de sus palabras lo que alimenta a quienes viven en el mundo artificialmente creado&nbsp;por su&nbsp;narrativa. No lo veo como un genio de la comunicaci\u00f3n sino m\u00e1s bien como alguien que, sin pena ni verg\u00fcenza, miente, inventa, expone datos privados ajenos, amenaza o se auto victimiza de inmediato. Jos\u00e9 L\u00f3pez Portillo se quejaba de que M\u00e9xico se estaba convirtiendo en un pa\u00eds de c\u00ednicos. Tal vez&nbsp;de&nbsp;ah\u00ed&nbsp;le dieron la idea de lo que&nbsp;deb\u00eda&nbsp;ser.<\/p>\n\n\n\n<p>El due\u00f1o del poder es el due\u00f1o del discurso. La presidencia imperial que est\u00e1 de vuelta tiene todos las&nbsp;maneras&nbsp;para dosificar la informaci\u00f3n y manipular a su conveniencia la realidad del pa\u00eds. Los fracasos son visibles y, conforme se acerque el ocaso de su sexenio, saldr\u00e1n a la luz cada vez m\u00e1s noticias que parecer\u00e1n incre\u00edbles, pero ser\u00e1n la realidad.<\/p>\n\n\n\n<p>El control de la informaci\u00f3n es capaz de hacer invisibles graves problemas y basta un ejemplo de qu\u00e9 tanto&nbsp;y c\u00f3mo se ejerce el&nbsp;poder desde la presidencia. En&nbsp;tiempos de Jos\u00e9 L\u00f3pez Portillo, su gran amigo de la infancia, Arturo Durazo Moreno, nombrado general&nbsp;al gusto de su cuate&nbsp;el&nbsp;presidente y a quien le entregaron el manejo de la polic\u00eda de la Ciudad de M\u00e9xico, pudo robar tanto dinero y construir una mansi\u00f3n impresionante a la vista de todos, su famoso Parten\u00f3n. Pudo ordenar masacres contra delincuentes que se le rebelaron, como los muertos aparecidos en el R\u00edo Tula,&nbsp;pero&nbsp;hubo un enorme silencio hasta que Portillo dej\u00f3 el poder. A partir de ah\u00ed&nbsp;empez\u00f3 a conocerse el nivel&nbsp;de&nbsp;cochinero de&nbsp;ese&nbsp;sexenio,&nbsp;quien,&nbsp;sin empacho,&nbsp;aquel&nbsp;se consider\u00f3 a si mismo la reencarnaci\u00f3n de Quetzalc\u00f3atl, mientras el&nbsp;<\/p>\n\n\n\n<p>actual&nbsp;se compara con Jesucristo.<\/p>\n\n\n\n<p>Hoy se magnifican los n\u00fameros y estad\u00edsticas que se\u00f1alan un crecimiento econ\u00f3mico, sin embargo, se oculta que, con todo y ese crecimiento, al concluir este a\u00f1o estaremos al mismo nivel de 2018, es decir, seis a\u00f1os perdidos. La promesa presidencial fue la de crecer al 6% anual. No se logr\u00f3 y no fue culpa absoluta de la pandemia sino del mal manejo del pa\u00eds durante ella. Pa\u00edses m\u00e1s peque\u00f1os que el nuestro sortearon mejor la crisis y sus econom\u00edas han crecido mucha m\u00e1s que la nuestra.<\/p>\n\n\n\n<p>La silla imperial tiene tanto poder que, s\u00ed el emperador romano Cal\u00edgula nombr\u00f3 c\u00f3nsul a su caballo Incitatus, nuestro presidente pudo nombrar a Lenia Batres como ministra de la Suprema Corte de Justicia de la Naci\u00f3n u ordenar la titulaci\u00f3n y&nbsp;otorgamiento de c\u00e9dula profesional a Ulises Lara en menos de 24 horas para poder ser fiscal de la Cdmx. Este grado obsceno de&nbsp;ejercer&nbsp;el poder es una afrenta al pa\u00eds, y una absoluta falta de respeto a muchos mexicanos que murieron por crear&nbsp;un M\u00e9xico&nbsp;de&nbsp;instituciones&nbsp;y no de caudillos&nbsp;que, aunque no le gusten, son pilares indispensables de la democracia&nbsp;y la libertades que tenemos.<\/p>\n\n\n\n<p>Viene un ba\u00f1o de sangre porque quiera o no, el pr\u00f3ximo gobierno deber\u00e1 poner un alto a la criminalidad, la econom\u00eda quedar\u00e1 prendida con alfileres por el exceso de endeudamiento del final de este gobierno, sus obras fara\u00f3nicas no sirven y ser\u00e1n una carga permanente para el erario, quiere modificar el sistema de pensiones y sus ocurrencias como la rifa del avi\u00f3n presidencial o la creaci\u00f3n de una mega farmacia son eso, ocurrencias de una persona enferma de poder. El pa\u00eds est\u00e1 mal y pronto hasta sus m\u00e1s fieles seguidores lo padecer\u00e1n, pero al presidente le preocupa cu\u00e1nto&nbsp;gana Carlos Loret de Mola.<\/p>\n\n\n\n<p>TUMBA 7.<\/p>\n\n\n\n<p>No debe pasar desapercibido&nbsp;el aniversario del descubrimiento de la famosa \u201ctumba 7 de Monte Alb\u00e1n\u201d. Lo ah\u00ed&nbsp;encontrado, m\u00e1scaras y pectorales, son&nbsp;parte de&nbsp;nuestra identidad&nbsp;y millones de turistas han venido a&nbsp;Oaxaca solo por conocer esa acr\u00f3polis y el fino arte de la filigrana mixteca. Esos tesoros los tenemos en el museo de Santo Domingo.<\/p>\n\n\n\n<p>Gracias a ello se&nbsp;fortaleci\u00f3 la conciencia nacional de la conservaci\u00f3n de nuestro patrimonio&nbsp;y fue precedente directo de la creaci\u00f3n del INAH. Es considerado uno de los mayores y m\u00e1s importantes descubrimientos de la arqueolog\u00eda mexicana, realizado por el arquitecto Alfonso Caso&nbsp;el 9 de enero de 1932, a\u00f1o&nbsp;tambi\u00e9n&nbsp;de la primera Guelaguetza&nbsp;y, en su momento, comparado&nbsp;por la prensa internacional&nbsp;con el descubrimiento de la tumba del fara\u00f3n&nbsp;Tutankam\u00f3n&nbsp;por el arque\u00f3logo brit\u00e1nico Howard Carter,&nbsp;a las \u00f3rdenes de Lord Carnarvon,&nbsp;descubierta diez a\u00f1os antes&nbsp;en Egipto.<\/p>\n\n\n\n<p>nestoryuri@yahoo.com<\/p>\n","protected":false},"excerpt":{"rendered":"<p>N\u00e9stor Y. S\u00e1nchez Islas. Mientras el pa\u00eds est\u00e1 convertido en un campo de batalla, los&hellip;<\/p>\n","protected":false},"author":2,"featured_media":41861,"comment_status":"closed","ping_status":"open","sticky":false,"template":"","format":"standard","meta":{"_lmt_disableupdate":"","_lmt_disable":"","_jetpack_memberships_contains_paid_content":false,"footnotes":""},"categories":[456,109],"tags":[3050],"class_list":["post-64388","post","type-post","status-publish","format-standard","has-post-thumbnail","hentry","category-columna","category-minuto-a-minuto","tag-nestor-yuri-sanchez"],"jetpack_featured_media_url":"https:\/\/zonaroja.com.mx\/wp-content\/uploads\/2022\/05\/Opinion-Nestor-Yuri-Sanchez-Islas.jpg","jetpack_sharing_enabled":true,"_links":{"self":[{"href":"https:\/\/zonaroja.com.mx\/index.php?rest_route=\/wp\/v2\/posts\/64388","targetHints":{"allow":["GET"]}}],"collection":[{"href":"https:\/\/zonaroja.com.mx\/index.php?rest_route=\/wp\/v2\/posts"}],"about":[{"href":"https:\/\/zonaroja.com.mx\/index.php?rest_route=\/wp\/v2\/types\/post"}],"author":[{"embeddable":true,"href":"https:\/\/zonaroja.com.mx\/index.php?rest_route=\/wp\/v2\/users\/2"}],"replies":[{"embeddable":true,"href":"https:\/\/zonaroja.com.mx\/index.php?rest_route=%2Fwp%2Fv2%2Fcomments&post=64388"}],"version-history":[{"count":1,"href":"https:\/\/zonaroja.com.mx\/index.php?rest_route=\/wp\/v2\/posts\/64388\/revisions"}],"predecessor-version":[{"id":64389,"href":"https:\/\/zonaroja.com.mx\/index.php?rest_route=\/wp\/v2\/posts\/64388\/revisions\/64389"}],"wp:featuredmedia":[{"embeddable":true,"href":"https:\/\/zonaroja.com.mx\/index.php?rest_route=\/wp\/v2\/media\/41861"}],"wp:attachment":[{"href":"https:\/\/zonaroja.com.mx\/index.php?rest_route=%2Fwp%2Fv2%2Fmedia&parent=64388"}],"wp:term":[{"taxonomy":"category","embeddable":true,"href":"https:\/\/zonaroja.com.mx\/index.php?rest_route=%2Fwp%2Fv2%2Fcategories&post=64388"},{"taxonomy":"post_tag","embeddable":true,"href":"https:\/\/zonaroja.com.mx\/index.php?rest_route=%2Fwp%2Fv2%2Ftags&post=64388"}],"curies":[{"name":"wp","href":"https:\/\/api.w.org\/{rel}","templated":true}]}}