{"id":64390,"date":"2024-01-19T12:25:00","date_gmt":"2024-01-19T18:25:00","guid":{"rendered":"http:\/\/www.zonaroja.com.mx\/?p=64390"},"modified":"2024-01-19T08:31:50","modified_gmt":"2024-01-19T14:31:50","slug":"exigen-ciudadanos-cumplimiento-de-sentencia-de-amparo-para-del-rio-atoyac","status":"publish","type":"post","link":"https:\/\/zonaroja.com.mx\/?p=64390","title":{"rendered":"Exigen ciudadanos cumplimiento de sentencia de amparo para del r\u00edo \u201cAtoyac\u201d"},"content":{"rendered":"\n<p>Redacci\u00f3n\/Zona Roja.<\/p>\n\n\n\n<p>Oaxaca de Ju\u00e1rez, Oaxaca, a 19 de enero de 2024.- Convocados por la defensora oaxaque\u00f1a de derechos humanos Frida Jim\u00e9nez Valencia, el martes 16 de enero de 2023, se conform\u00f3 una asociaci\u00f3n ciudadana de vecinas y vecinos de los Valles Centrales de Oaxaca preocupados por el incumplimiento de la sentencia que ordena el rescate del r\u00edo Atoyac, juicio de amparo promovido por Litigio Estrat\u00e9gico Ind\u00edgena.<\/p>\n\n\n\n<p>En el encuentro se expuso por parte de los asistentes la problem\u00e1tica de que los r\u00edos oaxaque\u00f1os siguen contaminados no obstante que existe una sentencia de amparo que ordena su protecci\u00f3n y rescate, pero las autoridades siguen siendo omisos en su cumplimiento.<\/p>\n\n\n\n<p>El grupo denominado \u201cEcosistema Ciudadano Oaxaque\u00f1o\u201d tiene la intervenci\u00f3n de artistas, defensores, activistas, empresarios y es multidisciplinario, apartidista, pacifista y ambientalista y se inspira en la gran tarea realizada en Oaxaca por el maestro Francisco Toledo, en el ProOax.<\/p>\n\n\n\n<p>Por parte de Litigio Estrat\u00e9gico Ind\u00edgena se explic\u00f3 que ha existido renuencia y desobediencia en cumplir la sentencia del juicio de amparo 621\/2016 emitida por la licenciada Elizabeth Franco Cervantes, quien fuera titular del Juzgado Primero de Distrito en el Estado de Oaxaca.<\/p>\n\n\n\n<p>Tambi\u00e9n se explic\u00f3 que la Comisi\u00f3n Nacional de los Derechos Humanos presidido por Rosario Piedra Ibarra emiti\u00f3 la recomendaci\u00f3n 57\/2020 al gobierno del Estado y a la Comisi\u00f3n Nacional del Agua para el rescate. Y que no ha existido avance alguno.<\/p>\n\n\n\n<p>Se expuso que la ciudadan\u00eda ha avanzado identificando las descargas de aguas negras no autorizadas en el r\u00edo San Felipe y que ante la inacci\u00f3n de las autoridades estatales y federales es necesario que la ciudadan\u00eda tenga una intervenci\u00f3n m\u00e1s activa, propositiva, siempre dentro del margen de la legalidad.<\/p>\n\n\n\n<p>Dentro de las primeras tareas, se encuentran las de tener reuniones con las autoridades judiciales federales, con la direcci\u00f3n general de la Conagua, la Secretar\u00eda del Medio Ambiente Federal y con la ingeniera Karime Unda Harp encargada del Medio Ambiente de Oaxaca, para transmitirles el clamor de la ciudadan\u00eda oaxaque\u00f1a para que se rescate el juicio de amparo y exigirles el rescate de los r\u00edos oaxaque\u00f1os.<\/p>\n\n\n\n<p>Posteriormente se iniciar\u00e1n las denuncias penales, juicios pol\u00edticos, ante la Secretar\u00eda de la Funci\u00f3n P\u00fablica y ante las instancias interamericanas.<\/p>\n\n\n\n<p>Carlos Morales S\u00e1nchez, presidente de Litigio Estrat\u00e9gico Ind\u00edgena A.C. indic\u00f3 que contar con una sentencia de amparo es un hito importante, pero debemos pasar a la siguiente etapa que es dar inicio a la ejecuci\u00f3n de la sentencia de amparo. Indic\u00f3 que es lamentable que los r\u00edos sigan contaminados no obstante las resoluciones judiciales. Que la Asociaci\u00f3n Civil ha puesto sobre la mesa el rescate del r\u00edo pero es necesario que las resoluciones judiciales empiecen a traducirse en acciones concretas.<\/p>\n","protected":false},"excerpt":{"rendered":"<p>Redacci\u00f3n\/Zona Roja. Oaxaca de Ju\u00e1rez, Oaxaca, a 19 de enero de 2024.- Convocados por la&hellip;<\/p>\n","protected":false},"author":2,"featured_media":4047,"comment_status":"closed","ping_status":"open","sticky":false,"template":"","format":"standard","meta":{"_lmt_disableupdate":"","_lmt_disable":"","_jetpack_memberships_contains_paid_content":false,"footnotes":""},"categories":[109,46],"tags":[897],"class_list":["post-64390","post","type-post","status-publish","format-standard","has-post-thumbnail","hentry","category-minuto-a-minuto","category-zona-blanca","tag-litigio-estrategico-indigena"],"jetpack_featured_media_url":"https:\/\/zonaroja.com.mx\/wp-content\/uploads\/2019\/09\/R\u00edo-Atoyac.jpg","jetpack_sharing_enabled":true,"_links":{"self":[{"href":"https:\/\/zonaroja.com.mx\/index.php?rest_route=\/wp\/v2\/posts\/64390","targetHints":{"allow":["GET"]}}],"collection":[{"href":"https:\/\/zonaroja.com.mx\/index.php?rest_route=\/wp\/v2\/posts"}],"about":[{"href":"https:\/\/zonaroja.com.mx\/index.php?rest_route=\/wp\/v2\/types\/post"}],"author":[{"embeddable":true,"href":"https:\/\/zonaroja.com.mx\/index.php?rest_route=\/wp\/v2\/users\/2"}],"replies":[{"embeddable":true,"href":"https:\/\/zonaroja.com.mx\/index.php?rest_route=%2Fwp%2Fv2%2Fcomments&post=64390"}],"version-history":[{"count":1,"href":"https:\/\/zonaroja.com.mx\/index.php?rest_route=\/wp\/v2\/posts\/64390\/revisions"}],"predecessor-version":[{"id":64391,"href":"https:\/\/zonaroja.com.mx\/index.php?rest_route=\/wp\/v2\/posts\/64390\/revisions\/64391"}],"wp:featuredmedia":[{"embeddable":true,"href":"https:\/\/zonaroja.com.mx\/index.php?rest_route=\/wp\/v2\/media\/4047"}],"wp:attachment":[{"href":"https:\/\/zonaroja.com.mx\/index.php?rest_route=%2Fwp%2Fv2%2Fmedia&parent=64390"}],"wp:term":[{"taxonomy":"category","embeddable":true,"href":"https:\/\/zonaroja.com.mx\/index.php?rest_route=%2Fwp%2Fv2%2Fcategories&post=64390"},{"taxonomy":"post_tag","embeddable":true,"href":"https:\/\/zonaroja.com.mx\/index.php?rest_route=%2Fwp%2Fv2%2Ftags&post=64390"}],"curies":[{"name":"wp","href":"https:\/\/api.w.org\/{rel}","templated":true}]}}