{"id":64393,"date":"2024-01-19T14:35:14","date_gmt":"2024-01-19T20:35:14","guid":{"rendered":"http:\/\/www.zonaroja.com.mx\/?p=64393"},"modified":"2024-01-19T14:35:15","modified_gmt":"2024-01-19T20:35:15","slug":"incesante-violencia-en-normal-de-tamazulapam-ahora-intentaron-matar-a-una-alumna","status":"publish","type":"post","link":"https:\/\/zonaroja.com.mx\/?p=64393","title":{"rendered":"Incesante violencia en Normal de Tamazul\u00e1pam; ahora intentaron matar a una alumna"},"content":{"rendered":"\n<p>Yuridiana Sosa\/Zona Roja.<\/p>\n\n\n\n<p>Oaxaca de Ju\u00e1rez, Oax., 19 de enero de 2024.- La violencia en la Escuela Normal Rural \u201cVanguardia\u201d de Tamazul\u00e1pam del Progreso, Oaxaca,  escal\u00f3 esta semana con el intento de homicidio de una joven alumna por parte de sus propias compa\u00f1eras.<\/p>\n\n\n\n<p>Alumnas del tercer a\u00f1o denunciaron los actos violentos en su contra registrados la madrugada del jueves 18 de enero por parte de estudiantes de su plantel del cuarto a\u00f1o, que cursan el s\u00e9ptimo semestre.&nbsp;<\/p>\n\n\n\n<p>Las alumnas de esta escuela, en modalidad de internado solo para mujeres, han sido se\u00f1aladas en diversas ocasiones de protagonizar actos vand\u00e1licos en sus protestas, pero en esta ocasi\u00f3n las estudiantes agraviadas decidieron romper el silencio.<\/p>\n\n\n\n<p>Las j\u00f3venes distribuyeron volantes para dar a conocer los hechos recientes. <\/p>\n\n\n\n<p>Se\u00f1alaron que dentro del plantel se vive un ambiente de acoso escolar, maltrato f\u00edsico,  psicol\u00f3gico y moral a las alumnas de tercer a\u00f1o y de distintos niveles por parte de las estudiantes de s\u00e9ptimo semestre, cuarto a\u00f1o.<\/p>\n\n\n\n<p>INTENTO DE HOMICIDIO<\/p>\n\n\n\n<p>Cerca de la medianoche del pasado 18 de enero, las alumnas del s\u00e9ptimo semestre intentaron asesinar a una compa\u00f1era de tercer a\u00f1o.&nbsp;<\/p>\n\n\n\n<p>La joven result\u00f3&nbsp; con golpes en todo el cuerpo, da\u00f1os en la cabeza y heridas de segundo grado.<\/p>\n\n\n\n<p>De acuerdo a un video difundido, una de las j\u00f3venes agredidas fue adem\u00e1s rociada con algunos l\u00edquidos y a su alrededor se nota basura tipo desperdicio que fue arrojada. <\/p>\n\n\n\n<p>Mientras que decenas de j\u00f3venes m\u00e1s presentaron crisis nerviosa y el acceso al dormitorio tambi\u00e9n fue afectado con desechos. <\/p>\n\n\n\n<p>Seg\u00fan versiones internas, estos actos se originaron en represalia, pues las alumnas del tercer a\u00f1o se deslindaron del comit\u00e9 estudiantil al no estar de acuerdo con sus actos.<\/p>\n\n\n\n<p>NADIE ACT\u00daA<\/p>\n\n\n\n<p>De acuerdo con las v\u00edctimas, no es la primera vez que se registran actos violentos, pero ninguna autoridad interna, ni del gobierno act\u00faa.<\/p>\n\n\n\n<p>Pues no s\u00f3lo las internas de la escuela \u201cVanguardia\u201d han sido v\u00edctimas, tambi\u00e9n compa\u00f1eras de otras normales han sido agredidas por las alumnas de mayor grado de la normal de Tamazulapam.<\/p>\n\n\n\n<p>Por ello decidieron dar a conocer&nbsp; a la poblaci\u00f3n sobre estos actos para sumar esfuerzos y exigir justicia.<\/p>\n\n\n\n<p>As\u00ed tambi\u00e9n, hicieron responsables a los directivos Ferm\u00edn Abad Jim\u00e9nez y Valeriano Cruz Cervantes, a quienes insistieron en que pongan orden, pues aumenta el riesgo del da\u00f1o contra &nbsp;la integridad f\u00edsica y psicol\u00f3gica de las alumnas.<\/p>\n\n\n\n<p>Hasta&nbsp;este viernes, tanto el Instituto Estatal de Educaci\u00f3n P\u00fablica de Oaxaca como &nbsp;la Secretar\u00eda de Gobierno mantuvieron hermetismo en el caso, pese a la grave situaci\u00f3n que ah\u00ed se vive.<\/p>\n\n\n\n<p>A su vez, la Secci\u00f3n 22 del Sindicato Nacional de Trabajadores de la Educaci\u00f3n (SNTE) tambi\u00e9n guarda silencio sobre los hechos.<\/p>\n\n\n\n<p>Pues, parte de la formaci\u00f3n de las alumnas de ese internado es aprender actos orientados a la protesta, en la que mantienen una vida activa y ser de las escuelas m\u00e1s radicales.<\/p>\n\n\n\n<p>Incluso, el pasado mes de marzo del 2023, esta&nbsp; normal de Tamazulapam tuvo confrontaci\u00f3n con sus compa\u00f1eros de la Coordinadora Estudiantil Normalistas del Estado de Oaxaca (CENEO), tras lo cual se registr\u00f3 una fractura entre los normalistas.<\/p>\n\n\n\n<p>Ante ello, la normal Vanguardia demand\u00f3 a la Secci\u00f3n 22 del SNTE su respaldo y apoyo ante sus propias movilizaciones.<\/p>\n\n\n\n<p><\/p>\n","protected":false},"excerpt":{"rendered":"<p>Yuridiana Sosa\/Zona Roja. Oaxaca de Ju\u00e1rez, Oax., 19 de enero de 2024.- La violencia en&hellip;<\/p>\n","protected":false},"author":2,"featured_media":64392,"comment_status":"closed","ping_status":"open","sticky":false,"template":"","format":"standard","meta":{"_lmt_disableupdate":"","_lmt_disable":"","_jetpack_memberships_contains_paid_content":false,"footnotes":""},"categories":[109,47],"tags":[],"class_list":["post-64393","post","type-post","status-publish","format-standard","has-post-thumbnail","hentry","category-minuto-a-minuto","category-zona-gris"],"jetpack_featured_media_url":"https:\/\/zonaroja.com.mx\/wp-content\/uploads\/2024\/01\/45e42ee9-525f-41a2-aa64-8d2f8f93c870-1.jpg","jetpack_sharing_enabled":true,"_links":{"self":[{"href":"https:\/\/zonaroja.com.mx\/index.php?rest_route=\/wp\/v2\/posts\/64393","targetHints":{"allow":["GET"]}}],"collection":[{"href":"https:\/\/zonaroja.com.mx\/index.php?rest_route=\/wp\/v2\/posts"}],"about":[{"href":"https:\/\/zonaroja.com.mx\/index.php?rest_route=\/wp\/v2\/types\/post"}],"author":[{"embeddable":true,"href":"https:\/\/zonaroja.com.mx\/index.php?rest_route=\/wp\/v2\/users\/2"}],"replies":[{"embeddable":true,"href":"https:\/\/zonaroja.com.mx\/index.php?rest_route=%2Fwp%2Fv2%2Fcomments&post=64393"}],"version-history":[{"count":1,"href":"https:\/\/zonaroja.com.mx\/index.php?rest_route=\/wp\/v2\/posts\/64393\/revisions"}],"predecessor-version":[{"id":64394,"href":"https:\/\/zonaroja.com.mx\/index.php?rest_route=\/wp\/v2\/posts\/64393\/revisions\/64394"}],"wp:featuredmedia":[{"embeddable":true,"href":"https:\/\/zonaroja.com.mx\/index.php?rest_route=\/wp\/v2\/media\/64392"}],"wp:attachment":[{"href":"https:\/\/zonaroja.com.mx\/index.php?rest_route=%2Fwp%2Fv2%2Fmedia&parent=64393"}],"wp:term":[{"taxonomy":"category","embeddable":true,"href":"https:\/\/zonaroja.com.mx\/index.php?rest_route=%2Fwp%2Fv2%2Fcategories&post=64393"},{"taxonomy":"post_tag","embeddable":true,"href":"https:\/\/zonaroja.com.mx\/index.php?rest_route=%2Fwp%2Fv2%2Ftags&post=64393"}],"curies":[{"name":"wp","href":"https:\/\/api.w.org\/{rel}","templated":true}]}}