{"id":64402,"date":"2024-01-19T20:38:37","date_gmt":"2024-01-20T02:38:37","guid":{"rendered":"http:\/\/www.zonaroja.com.mx\/?p=64402"},"modified":"2024-01-19T20:38:38","modified_gmt":"2024-01-20T02:38:38","slug":"advierte-san-pedro-el-alto-de-mas-actos-de-despojo-de-tierras-temen-por-su-seguridad","status":"publish","type":"post","link":"https:\/\/zonaroja.com.mx\/?p=64402","title":{"rendered":"Advierte San Pedro el Alto de m\u00e1s actos de despojo de tierras; temen por su seguridad"},"content":{"rendered":"\n<p>Yuridiana Sosa\/Zona Roja.<\/p>\n\n\n\n<p>Oaxaca de Ju\u00e1rez, Oax., a 19 de enero de 2024.- Pobladores y autoridades de la comunidad de San Pedro el Alto, Zimatl\u00e1n de \u00c1lvarez, denunciaron vivir bajo el miedo ante las amenazas del despojo de sus tierras, por lo que exigen al gobierno federal su urgente intervenci\u00f3n y evitar el registro de actos violentos.<\/p>\n\n\n\n<p>Por medio de un video, la poblaci\u00f3n afectada, en la regi\u00f3n de los Valles Centrales, se\u00f1al\u00f3 de un posible resurgimiento de la violencia y enfrentamientos, ante la persistencia de sus vecinos de Santo Domingo Teojomulco en la invasi\u00f3n de tierras.<\/p>\n\n\n\n<p>El comisariado de San Pedro el Alto manifest\u00f3:&nbsp;<\/p>\n\n\n\n<p>\u201cEstamos amenazados porque nos van a despojar de nuestras tierras\u201d, por lo que pidi\u00f3 ayuda al presidente Andr\u00e9s Manuel L\u00f3pez Obrador, pues temen por la seguridad de la poblaci\u00f3n.<\/p>\n\n\n\n<p>Pues hasta el momento, pese a que han enviado diferentes oficios describiendo los hechos y sus demandas, ni la autoridad municipal ni estatal han intervenido para detener la invasi\u00f3n y saqueos de sus tierras.<\/p>\n\n\n\n<p>Apuntaron que ni siquiera tras el \u00faltimo episodio de violencia que se vivi\u00f3 el 12 de abril de 2023, cuando un grupo armado de aproximadamente &nbsp;700 personas irrumpi\u00f3 en la rancher\u00eda Tlacuache, y con violencia concentraron a la comunidad para exigir la entrega de tierras, de las que ten\u00edan que salir, o de lo contrario los matar\u00edan.<\/p>\n\n\n\n<p>De acuerdo a los afectados, son al menos siete rancher\u00edas que han sido despojadas por parte de sus vecinos.<\/p>\n\n\n\n<p>Por todos estos actos, la comunidad demanda justicia y atenci\u00f3n para que se termine el saqueo de sus tierras y recursos naturales.<\/p>\n\n\n\n<p>San Pedro el Alto presume de ser la comunidad n\u00famero uno en la entidad en aprovechamiento forestal sustentable y el tercero a nivel nacional por esa misma labor.<\/p>\n\n\n\n<p>La poblaci\u00f3n record\u00f3 el reconocimiento de su comunidad mediante resoluci\u00f3n presidencial desde mayo de 1954, con un total de 30 mil 47 hect\u00e1reas, en su mayor\u00eda boscosas.<\/p>\n\n\n\n<p>Por ello desde hace m\u00e1s de 40 a\u00f1os, indicaron, se han dedicado al aprovechamiento, protecci\u00f3n y conservaci\u00f3n de los recursos forestales, lo que el buen cuidado del bosque les ha dado reconocimientos estatales, nacionales e internacionales por parte de las dependencias y organismos correspondientes en la materia.<\/p>\n","protected":false},"excerpt":{"rendered":"<p>Yuridiana Sosa\/Zona Roja. Oaxaca de Ju\u00e1rez, Oax., a 19 de enero de 2024.- Pobladores y&hellip;<\/p>\n","protected":false},"author":2,"featured_media":64403,"comment_status":"closed","ping_status":"open","sticky":false,"template":"","format":"standard","meta":{"_lmt_disableupdate":"","_lmt_disable":"","_jetpack_memberships_contains_paid_content":false,"footnotes":""},"categories":[109,47],"tags":[3815],"class_list":["post-64402","post","type-post","status-publish","format-standard","has-post-thumbnail","hentry","category-minuto-a-minuto","category-zona-gris","tag-san-pedro-el-alto"],"jetpack_featured_media_url":"https:\/\/zonaroja.com.mx\/wp-content\/uploads\/2024\/01\/San-Pedro-El-Alto-Zimatlan.jpg","jetpack_sharing_enabled":true,"_links":{"self":[{"href":"https:\/\/zonaroja.com.mx\/index.php?rest_route=\/wp\/v2\/posts\/64402","targetHints":{"allow":["GET"]}}],"collection":[{"href":"https:\/\/zonaroja.com.mx\/index.php?rest_route=\/wp\/v2\/posts"}],"about":[{"href":"https:\/\/zonaroja.com.mx\/index.php?rest_route=\/wp\/v2\/types\/post"}],"author":[{"embeddable":true,"href":"https:\/\/zonaroja.com.mx\/index.php?rest_route=\/wp\/v2\/users\/2"}],"replies":[{"embeddable":true,"href":"https:\/\/zonaroja.com.mx\/index.php?rest_route=%2Fwp%2Fv2%2Fcomments&post=64402"}],"version-history":[{"count":1,"href":"https:\/\/zonaroja.com.mx\/index.php?rest_route=\/wp\/v2\/posts\/64402\/revisions"}],"predecessor-version":[{"id":64404,"href":"https:\/\/zonaroja.com.mx\/index.php?rest_route=\/wp\/v2\/posts\/64402\/revisions\/64404"}],"wp:featuredmedia":[{"embeddable":true,"href":"https:\/\/zonaroja.com.mx\/index.php?rest_route=\/wp\/v2\/media\/64403"}],"wp:attachment":[{"href":"https:\/\/zonaroja.com.mx\/index.php?rest_route=%2Fwp%2Fv2%2Fmedia&parent=64402"}],"wp:term":[{"taxonomy":"category","embeddable":true,"href":"https:\/\/zonaroja.com.mx\/index.php?rest_route=%2Fwp%2Fv2%2Fcategories&post=64402"},{"taxonomy":"post_tag","embeddable":true,"href":"https:\/\/zonaroja.com.mx\/index.php?rest_route=%2Fwp%2Fv2%2Ftags&post=64402"}],"curies":[{"name":"wp","href":"https:\/\/api.w.org\/{rel}","templated":true}]}}