{"id":64405,"date":"2024-01-19T22:03:52","date_gmt":"2024-01-20T04:03:52","guid":{"rendered":"http:\/\/www.zonaroja.com.mx\/?p=64405"},"modified":"2024-01-19T22:03:53","modified_gmt":"2024-01-20T04:03:53","slug":"matan-a-dos-transportistas-en-territorio-oaxaqueno","status":"publish","type":"post","link":"https:\/\/zonaroja.com.mx\/?p=64405","title":{"rendered":"Matan a dos transportistas en territorio oaxaque\u00f1o"},"content":{"rendered":"\n<p>Ismael Garc\u00eda M.\/Zona Roja.<\/p>\n\n\n\n<p>Oaxaca de Ju\u00e1rez, Oax., a 19 de enero de 2023.- Dos transportistas fueron asesinados este viernes, en hechos distintos registrados en las regiones Costa y Cuenca del estado de Oaxaca.<\/p>\n\n\n\n<p>Esta tarde, en la localidad El Vig\u00eda, perteneciente al municipio de San Pedro Pochutla, fue ultimado un chofer de una camioneta de servicio mixto, de carga y pasaje.<\/p>\n\n\n\n<p>Fue en el interior de la unidad de motor en que privaron de la vida, con varios impactos de arma de fuego, al chofer, cuya identidad se desconoce hasta el momento.<\/p>\n\n\n\n<p>Mientras tanto, en presunto asalto, sujetos armados asesinaron al chofer de un autob\u00fas de pasajeros cuya unidad cubr\u00eda la ruta Tierra Blanca, Veracruz-Acatl\u00e1n de P\u00e9rez Figueroa, Oaxaca.<\/p>\n\n\n\n<p>Fue a la altura del paraje \u201cEl Porvenir\u201d de Acatl\u00e1n en que atacaron al cami\u00f3n de pasajeros; en el acto muri\u00f3 el chofer, identificado como Ismael M. E., de unos 50 a\u00f1os de edad.<\/p>\n\n\n\n<p>Adem\u00e1s, lesionaron a otros dos individuos, que fueron canalizados a hospitales de la zona.<\/p>\n\n\n\n<p>Tras cometer el crimen, se dieron a la fuga con rumbo desconocido; la Vicefiscal\u00eda Regional de la Cuenca inici\u00f3 con las indagatorias correspondientes.<\/p>\n","protected":false},"excerpt":{"rendered":"<p>Ismael Garc\u00eda M.\/Zona Roja. Oaxaca de Ju\u00e1rez, Oax., a 19 de enero de 2023.- Dos&hellip;<\/p>\n","protected":false},"author":2,"featured_media":64406,"comment_status":"closed","ping_status":"open","sticky":false,"template":"","format":"standard","meta":{"_lmt_disableupdate":"","_lmt_disable":"","_jetpack_memberships_contains_paid_content":false,"footnotes":""},"categories":[109,51],"tags":[187,151],"class_list":["post-64405","post","type-post","status-publish","format-standard","has-post-thumbnail","hentry","category-minuto-a-minuto","category-zona-roja","tag-acatlan-de-perez-figueroa","tag-san-pedro-pochutla"],"jetpack_featured_media_url":"https:\/\/zonaroja.com.mx\/wp-content\/uploads\/2024\/01\/Choferes-asesinados-Pochutla-y-Acatlan.jpg","jetpack_sharing_enabled":true,"_links":{"self":[{"href":"https:\/\/zonaroja.com.mx\/index.php?rest_route=\/wp\/v2\/posts\/64405","targetHints":{"allow":["GET"]}}],"collection":[{"href":"https:\/\/zonaroja.com.mx\/index.php?rest_route=\/wp\/v2\/posts"}],"about":[{"href":"https:\/\/zonaroja.com.mx\/index.php?rest_route=\/wp\/v2\/types\/post"}],"author":[{"embeddable":true,"href":"https:\/\/zonaroja.com.mx\/index.php?rest_route=\/wp\/v2\/users\/2"}],"replies":[{"embeddable":true,"href":"https:\/\/zonaroja.com.mx\/index.php?rest_route=%2Fwp%2Fv2%2Fcomments&post=64405"}],"version-history":[{"count":1,"href":"https:\/\/zonaroja.com.mx\/index.php?rest_route=\/wp\/v2\/posts\/64405\/revisions"}],"predecessor-version":[{"id":64407,"href":"https:\/\/zonaroja.com.mx\/index.php?rest_route=\/wp\/v2\/posts\/64405\/revisions\/64407"}],"wp:featuredmedia":[{"embeddable":true,"href":"https:\/\/zonaroja.com.mx\/index.php?rest_route=\/wp\/v2\/media\/64406"}],"wp:attachment":[{"href":"https:\/\/zonaroja.com.mx\/index.php?rest_route=%2Fwp%2Fv2%2Fmedia&parent=64405"}],"wp:term":[{"taxonomy":"category","embeddable":true,"href":"https:\/\/zonaroja.com.mx\/index.php?rest_route=%2Fwp%2Fv2%2Fcategories&post=64405"},{"taxonomy":"post_tag","embeddable":true,"href":"https:\/\/zonaroja.com.mx\/index.php?rest_route=%2Fwp%2Fv2%2Ftags&post=64405"}],"curies":[{"name":"wp","href":"https:\/\/api.w.org\/{rel}","templated":true}]}}