{"id":64414,"date":"2024-01-20T10:00:00","date_gmt":"2024-01-20T16:00:00","guid":{"rendered":"http:\/\/www.zonaroja.com.mx\/?p=64414"},"modified":"2024-01-20T07:27:51","modified_gmt":"2024-01-20T13:27:51","slug":"migrantes-centroamericanos-se-quedan-en-juchitan-denuncian-hostigamiento-del-inm","status":"publish","type":"post","link":"https:\/\/zonaroja.com.mx\/?p=64414","title":{"rendered":"Migrantes centroamericanos se quedan en Juchit\u00e1n; denuncian hostigamiento del INM"},"content":{"rendered":"\n<p>Redacci\u00f3n\/Zona Roja.<\/p>\n\n\n\n<p>Oaxaca de Ju\u00e1rez, Oax., a 20 de enero de 2024.- La caravana de centroamericanos \u201c\u00c9xodo de la pobreza\u201d permanece desde ayer en Juchit\u00e1n de Zaragoza, donde prev\u00e9 quedarse al menos otra semana.<\/p>\n\n\n\n<p>M\u00e1s de cinco mil migrantes procedieron de Chiapas y estuvieron casi una semana en San Pedro Tapanatepec y Santo Domingo Ingenio; en busca de llegar a los Estados Unidos de Norteam\u00e9rica, el contingente se ha reducido a unos mil 200.<\/p>\n\n\n\n<p>Sin embargo, han denunciado hostigamiento del Instituto Nacional de Migraci\u00f3n (INM) que, aseguran, los quiere obligar a regresar a sus pa\u00edses de origen.<\/p>\n\n\n\n<p>Uno de sus representantes, Luis Rey Garc\u00eda Villagr\u00e1n, ha denunciado el escaso apoyo de las autoridades estatales y federales.<\/p>\n\n\n\n<p>Asimismo, demand\u00f3 la intervenci\u00f3n de la Comisi\u00f3n Nacional de los Derechos Humanos para que emita una medida cautelar, con la finalidad que puedan continuar su trayecto hacia la capital de Oaxaca y luego hacia la Ciudad de M\u00e9xico.<\/p>\n\n\n\n<p>La megacaravana sali\u00f3 de Chiapas el pasado 24 de diciembre y actualmente ha ido disminuyendo en n\u00famero, debido a que cientos de indocumentados han optado por regresar a su pa\u00eds, tras las acciones de convencimiento por parte del INM.<\/p>\n\n\n\n<p>En el trayecto han contado con el resguardo de la Guardia Nacional y polic\u00edas estatales, as\u00ed como de diversos organismos defensores de derechos humanos.<\/p>\n\n\n\n<p>En Juchit\u00e1n, el gobierno de Oaxaca ofreci\u00f3 brindar las condiciones necesarias para que en el centro de movilidad tengan la ayuda necesaria mientras permanecen en ese sitio.<\/p>\n","protected":false},"excerpt":{"rendered":"<p>Redacci\u00f3n\/Zona Roja. Oaxaca de Ju\u00e1rez, Oax., a 20 de enero de 2024.- La caravana de&hellip;<\/p>\n","protected":false},"author":2,"featured_media":63776,"comment_status":"closed","ping_status":"open","sticky":false,"template":"","format":"standard","meta":{"_lmt_disableupdate":"","_lmt_disable":"","_jetpack_memberships_contains_paid_content":false,"footnotes":""},"categories":[109,47],"tags":[3641],"class_list":["post-64414","post","type-post","status-publish","format-standard","has-post-thumbnail","hentry","category-minuto-a-minuto","category-zona-gris","tag-migrantes-en-oaxaca"],"jetpack_featured_media_url":"https:\/\/zonaroja.com.mx\/wp-content\/uploads\/2023\/12\/Migrantes-centroamericanos.jpeg","jetpack_sharing_enabled":true,"_links":{"self":[{"href":"https:\/\/zonaroja.com.mx\/index.php?rest_route=\/wp\/v2\/posts\/64414","targetHints":{"allow":["GET"]}}],"collection":[{"href":"https:\/\/zonaroja.com.mx\/index.php?rest_route=\/wp\/v2\/posts"}],"about":[{"href":"https:\/\/zonaroja.com.mx\/index.php?rest_route=\/wp\/v2\/types\/post"}],"author":[{"embeddable":true,"href":"https:\/\/zonaroja.com.mx\/index.php?rest_route=\/wp\/v2\/users\/2"}],"replies":[{"embeddable":true,"href":"https:\/\/zonaroja.com.mx\/index.php?rest_route=%2Fwp%2Fv2%2Fcomments&post=64414"}],"version-history":[{"count":1,"href":"https:\/\/zonaroja.com.mx\/index.php?rest_route=\/wp\/v2\/posts\/64414\/revisions"}],"predecessor-version":[{"id":64415,"href":"https:\/\/zonaroja.com.mx\/index.php?rest_route=\/wp\/v2\/posts\/64414\/revisions\/64415"}],"wp:featuredmedia":[{"embeddable":true,"href":"https:\/\/zonaroja.com.mx\/index.php?rest_route=\/wp\/v2\/media\/63776"}],"wp:attachment":[{"href":"https:\/\/zonaroja.com.mx\/index.php?rest_route=%2Fwp%2Fv2%2Fmedia&parent=64414"}],"wp:term":[{"taxonomy":"category","embeddable":true,"href":"https:\/\/zonaroja.com.mx\/index.php?rest_route=%2Fwp%2Fv2%2Fcategories&post=64414"},{"taxonomy":"post_tag","embeddable":true,"href":"https:\/\/zonaroja.com.mx\/index.php?rest_route=%2Fwp%2Fv2%2Ftags&post=64414"}],"curies":[{"name":"wp","href":"https:\/\/api.w.org\/{rel}","templated":true}]}}