{"id":64424,"date":"2024-01-20T15:50:01","date_gmt":"2024-01-20T21:50:01","guid":{"rendered":"http:\/\/www.zonaroja.com.mx\/?p=64424"},"modified":"2024-01-20T15:50:03","modified_gmt":"2024-01-20T21:50:03","slug":"roban-herreria-a-monumento-a-juarez-y-gobierno-de-neri-inerte-ante-la-delincuencia","status":"publish","type":"post","link":"https:\/\/zonaroja.com.mx\/?p=64424","title":{"rendered":"Roban herrer\u00eda a monumento a Ju\u00e1rez y gobierno de Neri inerte ante la delincuencia"},"content":{"rendered":"\n<p>Yuridiana Sosa\/Zona Roja.<\/p>\n\n\n\n<p>Oaxaca de Ju\u00e1rez, Oax., a 20 de enero de 2024.- La mayor parte de la herrer\u00eda que rodea el monumento a Benito Ju\u00e1rez, en el parque Ju\u00e1rez \u201cEl Llano\u201d ha sido robado a los ojos de las autoridades municipales que encabeza Francisco Mart\u00ednez Neri.<\/p>\n\n\n\n<p>Ante los da\u00f1os ocasionados al patrimonio de Oaxaca, el artista pl\u00e1stico Markoa V\u00e1zquez present\u00f3 una denuncia ante la Fiscal\u00eda General de la Rep\u00fablica, para que se investigue y sancione a las autoridades desde el nivel federal a lo local.<\/p>\n\n\n\n<p>El denunciante se\u00f1al\u00f3 que el parque Ju\u00e1rez \u201cEl Llano\u201d, una de los espacios m\u00e1s representativos de la ciudad capital y con casi 140 a\u00f1os de antig\u00fcedad, ha presentado diversos da\u00f1os graves con la instalaci\u00f3n de diversas ferias, los m\u00e1s recientes tras la colocaci\u00f3n de la pista de hielo y el festival navide\u00f1o a cargo del gobierno estatal, pero con el permiso del gobierno municipal.<\/p>\n\n\n\n<p>Pero adem\u00e1s, bajo la omisi\u00f3n del Instituto Nacional de Antropolog\u00eda e Historia (INAH) que no ha realizado acciones contundentes para detener los agravios al patrimonio hist\u00f3rico de la capital, y con ello permitir que se sigan cometiendo atropellos, apunt\u00f3.<\/p>\n\n\n\n<p>Markoa V\u00e1zquez indic\u00f3 que no se trata de un robo cualquiera, pues esta acci\u00f3n representa la apat\u00eda del gobierno municipal, principalmente, para garantizar la seguridad p\u00fablica y el cuidado de los espacios p\u00fablicos.<\/p>\n\n\n\n<p>Pues dicho robo, que posiblemente ha sido paulatino, ha pasado desapercibido por las autoridades.<\/p>\n\n\n\n<p>EXIGE JUSTICIA<\/p>\n\n\n\n<p>El artista pl\u00e1stico dijo que el 18 de enero present\u00f3 ante la FGR la denuncia acompa\u00f1ada con fotograf\u00edas de los da\u00f1os al parque \u201cEl Llano\u201d.<\/p>\n\n\n\n<p>En esta se demand\u00f3 tambi\u00e9n la destituci\u00f3n del director del INAH en Oaxaca, Omar V\u00e1squez Herrera y la directora del Centro y Patrimonio de la capital, Mercedes Ruiz, y la investigaci\u00f3n de m\u00e1s funcionarios municipales y estatales que por omisi\u00f3n permiten los da\u00f1os.<\/p>\n\n\n\n<p>Sin embargo, Markoa tambi\u00e9n se\u00f1al\u00f3 la labor del Ministerio P\u00fablico, quien m\u00e1s all\u00e1 de proceder con su trabajo lo cuestion\u00f3 por involucrarse en esos temas en los que, desde su punto de vista, \u201cno era el afectado\u201d y advirti\u00f3 que s\u00f3lo proceder\u00eda la parte contra el INAH.<\/p>\n","protected":false},"excerpt":{"rendered":"<p>Yuridiana Sosa\/Zona Roja. Oaxaca de Ju\u00e1rez, Oax., a 20 de enero de 2024.- La mayor&hellip;<\/p>\n","protected":false},"author":2,"featured_media":64425,"comment_status":"closed","ping_status":"open","sticky":false,"template":"","format":"standard","meta":{"_lmt_disableupdate":"","_lmt_disable":"","_jetpack_memberships_contains_paid_content":false,"footnotes":""},"categories":[109,47],"tags":[148],"class_list":["post-64424","post","type-post","status-publish","format-standard","has-post-thumbnail","hentry","category-minuto-a-minuto","category-zona-gris","tag-oaxaca-de-juarez"],"jetpack_featured_media_url":"https:\/\/zonaroja.com.mx\/wp-content\/uploads\/2024\/01\/Herreria-monumento-El-Llano-Oaxaca.jpg","jetpack_sharing_enabled":true,"_links":{"self":[{"href":"https:\/\/zonaroja.com.mx\/index.php?rest_route=\/wp\/v2\/posts\/64424","targetHints":{"allow":["GET"]}}],"collection":[{"href":"https:\/\/zonaroja.com.mx\/index.php?rest_route=\/wp\/v2\/posts"}],"about":[{"href":"https:\/\/zonaroja.com.mx\/index.php?rest_route=\/wp\/v2\/types\/post"}],"author":[{"embeddable":true,"href":"https:\/\/zonaroja.com.mx\/index.php?rest_route=\/wp\/v2\/users\/2"}],"replies":[{"embeddable":true,"href":"https:\/\/zonaroja.com.mx\/index.php?rest_route=%2Fwp%2Fv2%2Fcomments&post=64424"}],"version-history":[{"count":1,"href":"https:\/\/zonaroja.com.mx\/index.php?rest_route=\/wp\/v2\/posts\/64424\/revisions"}],"predecessor-version":[{"id":64426,"href":"https:\/\/zonaroja.com.mx\/index.php?rest_route=\/wp\/v2\/posts\/64424\/revisions\/64426"}],"wp:featuredmedia":[{"embeddable":true,"href":"https:\/\/zonaroja.com.mx\/index.php?rest_route=\/wp\/v2\/media\/64425"}],"wp:attachment":[{"href":"https:\/\/zonaroja.com.mx\/index.php?rest_route=%2Fwp%2Fv2%2Fmedia&parent=64424"}],"wp:term":[{"taxonomy":"category","embeddable":true,"href":"https:\/\/zonaroja.com.mx\/index.php?rest_route=%2Fwp%2Fv2%2Fcategories&post=64424"},{"taxonomy":"post_tag","embeddable":true,"href":"https:\/\/zonaroja.com.mx\/index.php?rest_route=%2Fwp%2Fv2%2Ftags&post=64424"}],"curies":[{"name":"wp","href":"https:\/\/api.w.org\/{rel}","templated":true}]}}