{"id":64429,"date":"2024-01-20T16:00:04","date_gmt":"2024-01-20T22:00:04","guid":{"rendered":"http:\/\/www.zonaroja.com.mx\/?p=64429"},"modified":"2024-01-20T16:00:05","modified_gmt":"2024-01-20T22:00:05","slug":"aplicara-el-ieepco-tres-consultas-rumbo-a-elecciones-2024","status":"publish","type":"post","link":"https:\/\/zonaroja.com.mx\/?p=64429","title":{"rendered":"Aplicar\u00e1 el IEEPCO tres consultas rumbo a elecciones 2024"},"content":{"rendered":"\n<p>Yuridiana Sosa\/Zona Roja.<\/p>\n\n\n\n<p>Oaxaca de Ju\u00e1rez, Oax., a 20 de enero de 2024.- El Instituto Estatal Electoral y de Participaci\u00f3n Ciudadana de Oaxaca (IEEPCO) aplicar\u00e1 tres consultas a los pueblos, comunidades ind\u00edgenas y afromexicanas para la postulaci\u00f3n de candidaturas a cargos de elecci\u00f3n popular.<\/p>\n\n\n\n<p>A su vez, estas consultas representan el cumplimiento a la sentencia emitida por la Sala Regional Xalapa del Tribunal Electoral del Poder Judicial de la Federaci\u00f3n, en el expediente SX-JRC-28\/2023, para la protecci\u00f3n de derechos pol\u00edtico electorales ciudadanos.<\/p>\n\n\n\n<p>La presidenta del IEEPCO, Elizabeth S\u00e1nchez &nbsp;Gonz\u00e1lez, convoc\u00f3 a las comunidades a participar en la consulta en materia de acciones afirmativas que ser\u00e1n aplicables para la postulaci\u00f3n de candidaturas a cargos de elecci\u00f3n popular en las elecciones del estado de este a\u00f1o.<\/p>\n\n\n\n<p>Mediante el acuerdo IEEPCO-CG-01\/2004, el Consejo General del IEEPCO aprob\u00f3 la consulta previa, libre, informada, de buena fe y culturalmente adecuada a los pueblos y comunidades ind\u00edgenas y afromexicanas.<\/p>\n\n\n\n<p>Con este ejercicio la poblaci\u00f3n determinar\u00e1 los lineamientos que ser\u00e1n aplicables para las personas ind\u00edgenas y afromexicanas en la postulaci\u00f3n de candidaturas a cargos de elecci\u00f3n popular en el estado de Oaxaca.<\/p>\n\n\n\n<p>A partir de lo expuesto en la consulta se emitir\u00e1n las cuotas que deber\u00e1n destinar los partidos pol\u00edticos a este sector poblacional en el registro de sus candidaturas.<\/p>\n\n\n\n<p>Este proceso se llevar\u00e1 a cabo a partir de ma\u00f1ana 21 de enero y hasta 20 de febrero con el apoyo de los Consejos Distritales Electorales.<\/p>\n\n\n\n<p>As\u00ed tambi\u00e9n, por acuerdo IEEPCO-CG-05\/2004, bajo este esquema se aplicar\u00e1 la consulta previa, libre, informada, de buena fe a las personas con discapacidad, y de la misma forma determinar las cuotas que deber\u00e1n destinar los partidos pol\u00edticos a este sector poblacional en el registro de sus candidaturas.<\/p>\n\n\n\n<p>La presidenta precis\u00f3 que la consulta en este caso ser\u00e1 en dos etapas, estatal y distrital. La primera de estas enfocada al orden estatal se llevar\u00e1 a cabo el 27 de enero en el Centro Cultural y de Convenciones de Oaxaca, de 10:00 a 14:00 horas y la distrital del 27 al 31 de enero de este a\u00f1o, con el apoyo de los Consejos Distritales Electorales.<\/p>\n\n\n\n<p>OTRA CONSULTA DE CAMBIOS<\/p>\n\n\n\n<p>El IEEPCO, tras el acuerdo IEEPCO-CG-05\/2004, realizar\u00e1 la consulta previa, libre, informada, de buena fe y culturalmente adecuada en el municipio de San Baltazar Chichic\u00e1pam &nbsp;para cambiar del Sistema de Partidos Pol\u00edticos a los Sistemas Normativos Ind\u00edgenas.<\/p>\n\n\n\n<p>Misma que aplicar\u00e1 este domingo 21 de enero y la Asamblea Deliberativa se llevar\u00e1 a cabo el pr\u00f3ximo 28 de enero en la Casa de la Cultura de la localidad.<\/p>\n\n\n\n<p>El IEEPCO inform\u00f3 que para estos ejercicios uni\u00f3 esfuerzos con la &nbsp;Secretar\u00eda de Interculturalidad, Pueblos y Comunidades Ind\u00edgenas y Afromexicanas, Defensor\u00eda de los Derechos Humanos del Pueblo de Oaxaca, DIF Oaxaca y organizaciones de la sociedad civil para llevar a cabo procesos exitosos.<\/p>\n","protected":false},"excerpt":{"rendered":"<p>Yuridiana Sosa\/Zona Roja. Oaxaca de Ju\u00e1rez, Oax., a 20 de enero de 2024.- El Instituto&hellip;<\/p>\n","protected":false},"author":2,"featured_media":42109,"comment_status":"closed","ping_status":"open","sticky":false,"template":"","format":"standard","meta":{"_lmt_disableupdate":"","_lmt_disable":"","_jetpack_memberships_contains_paid_content":false,"footnotes":""},"categories":[109,46],"tags":[2932],"class_list":["post-64429","post","type-post","status-publish","format-standard","has-post-thumbnail","hentry","category-minuto-a-minuto","category-zona-blanca","tag-instituto-estatal-electoral-y-de-participacion-ciudadana-de-oaxaca-ieepco"],"jetpack_featured_media_url":"https:\/\/zonaroja.com.mx\/wp-content\/uploads\/2022\/06\/Elizabeth-Sanchez-Gonzalez.jpg","jetpack_sharing_enabled":true,"_links":{"self":[{"href":"https:\/\/zonaroja.com.mx\/index.php?rest_route=\/wp\/v2\/posts\/64429","targetHints":{"allow":["GET"]}}],"collection":[{"href":"https:\/\/zonaroja.com.mx\/index.php?rest_route=\/wp\/v2\/posts"}],"about":[{"href":"https:\/\/zonaroja.com.mx\/index.php?rest_route=\/wp\/v2\/types\/post"}],"author":[{"embeddable":true,"href":"https:\/\/zonaroja.com.mx\/index.php?rest_route=\/wp\/v2\/users\/2"}],"replies":[{"embeddable":true,"href":"https:\/\/zonaroja.com.mx\/index.php?rest_route=%2Fwp%2Fv2%2Fcomments&post=64429"}],"version-history":[{"count":1,"href":"https:\/\/zonaroja.com.mx\/index.php?rest_route=\/wp\/v2\/posts\/64429\/revisions"}],"predecessor-version":[{"id":64430,"href":"https:\/\/zonaroja.com.mx\/index.php?rest_route=\/wp\/v2\/posts\/64429\/revisions\/64430"}],"wp:featuredmedia":[{"embeddable":true,"href":"https:\/\/zonaroja.com.mx\/index.php?rest_route=\/wp\/v2\/media\/42109"}],"wp:attachment":[{"href":"https:\/\/zonaroja.com.mx\/index.php?rest_route=%2Fwp%2Fv2%2Fmedia&parent=64429"}],"wp:term":[{"taxonomy":"category","embeddable":true,"href":"https:\/\/zonaroja.com.mx\/index.php?rest_route=%2Fwp%2Fv2%2Fcategories&post=64429"},{"taxonomy":"post_tag","embeddable":true,"href":"https:\/\/zonaroja.com.mx\/index.php?rest_route=%2Fwp%2Fv2%2Ftags&post=64429"}],"curies":[{"name":"wp","href":"https:\/\/api.w.org\/{rel}","templated":true}]}}