{"id":64445,"date":"2024-01-21T09:00:00","date_gmt":"2024-01-21T15:00:00","guid":{"rendered":"http:\/\/www.zonaroja.com.mx\/?p=64445"},"modified":"2024-01-21T07:33:31","modified_gmt":"2024-01-21T13:33:31","slug":"va-por-tercer-dia-bloqueo-de-pobladores-a-la-carretera-oaxaca-costa","status":"publish","type":"post","link":"https:\/\/zonaroja.com.mx\/?p=64445","title":{"rendered":"Va por tercer d\u00eda bloqueo de pobladores a la carretera Oaxaca-Costa"},"content":{"rendered":"\n<p>Ismael Garc\u00eda M.\/Zona Roja.<\/p>\n\n\n\n<p>Oaxaca de Ju\u00e1rez, Oax., a 21 de enero de 2024.- Por tercer d\u00eda consecutivo, se mantiene el bloqueo a la carretera Oaxaca-Puerto Escondido y Oaxaca-Puerto \u00c1ngel, a la altura del crucero conocido como la Y, jurisdicci\u00f3n de la Villa de Zaachila.<\/p>\n\n\n\n<p>Un reducido grupo de pobladores de la agencia Vicente Guerrero exige el reconocimiento Modesta Hern\u00e1ndez L\u00f3pez como titular de la autoridad auxiliar.<\/p>\n\n\n\n<p>La Secretar\u00eda de Gobierno (Sego) de Oaxaca reiter\u00f3 que se trata de un conflicto interno que debe ser solucionado a nivel municipal, por lo cual llam\u00f3 a las partes al di\u00e1logo.<\/p>\n\n\n\n<p>Sin embargo, anoche, a trav\u00e9s de un breve comunicado de prensa, advirti\u00f3 que, \u201cde ser necesario, se actuar\u00e1 apegado a derecho y en coordinaci\u00f3n con las instituciones respectivas, para liberar las v\u00edas de comunicaci\u00f3n\u201d.<\/p>\n\n\n\n<p>Tambi\u00e9n anoche, y luego de dos d\u00edas de hermetismo, el ayuntamiento de la Villa de Zaachila emiti\u00f3 un comunicado, en que detall\u00f3 que el pasado 10 de diciembre se efectu\u00f3 una asamblea en la agencia de Vicente Guerrero.<\/p>\n\n\n\n<p>\u201cEn esta elecci\u00f3n, del 10 &nbsp;de diciembre de 2023, fue electo el Lic. Virgilio Bert\u00edn Jos\u00e9 Luna como agente municipal; sin embargo, d\u00edas posteriores el entonces agente municipal Eusebio Sareo Lorenzo, convoc\u00f3 &nbsp;a una asamblea extraordinaria para el d\u00eda 24 de diciembre de 2023, con la finalidad de rendir un corte de caja por parte del tesorero de la agencia, Oscar Francisco S\u00e1nchez e integrantes del cabildo como No\u00e9 Mart\u00ednez Conde y la regidora primera Fidelia Mosqueda Gracida; as\u00ed como un corte de caja de las fiestas realizadas en honor a la virgen de Santa Cecilia y Guadalupe por parte de los comit\u00e9s de festejos\u201d.&nbsp;<\/p>\n\n\n\n<p>\u201cAdem\u00e1s de brindar informaci\u00f3n sobre los avances del ex tiradero municipal y la participaci\u00f3n del cabildo electo; durante esta participaci\u00f3n, el agente en funciones Eusebio Sareo Lorenzo les pregunta si quieren tomar el cargo del cual fueron electos el 10 de diciembre de 2023, tomando el micr\u00f3fono uno por uno y renunciando al cargo la Ing. Modesta Hern\u00e1ndez L\u00f3pez, Jes\u00fas Mart\u00ednez, \u00c1ngel Juvenal Flores, Gumercindo Hern\u00e1ndez Jarqu\u00edn, Mar\u00eda del Rosario Garc\u00eda Mendoza, Rodolfo Ramiro Ortiz Garc\u00eda, &nbsp;EL \u00daNICO QUE NO RENUNCI\u00d3 fue el &nbsp;Lic. Virgilio Bert\u00edn Jos\u00e9 Luna. En una intervenci\u00f3n, un asamble\u00edsta opin\u00f3 que se recorrieran las carteras y que se quedaran los mismos que hab\u00edan RENUNCIADO; sin embargo, ellos renunciaron sin haber rendido protesta oficial al cargo\u201d, argument\u00f3.<\/p>\n\n\n\n<p>Detall\u00f3 que el motivo de sus renuncias \u201cfue por no estar de acuerdo en la solicitud, hecha por el agente electo, para realizar la entrega recepci\u00f3n cinco d\u00edas antes de terminar el a\u00f1o 2023 y con ello conocer el estado actual que guarda la agencia municipal; as\u00ed como la situaci\u00f3n del taxismo y mototaxismo del lugar, una decisi\u00f3n unilateral del agente electo\u201d.<\/p>\n\n\n\n<p>Detall\u00f3 que el pasado 3 de enero de 2024, Modesta Hern\u00e1ndez y otras personas acudieron al palacio municipal de Zaachila, pero tras ello arrib\u00f3 el agente que fue electo el pasado 10 de diciembre, Virgilio Bert\u00edn Jos\u00e9 Luna, por lo cual el primer grupo se retir\u00f3.<\/p>\n\n\n\n<p>El ayuntamiento se limit\u00f3 a llamar al di\u00e1logo a las partes con la finalidad de alcanzar acuerdos.<\/p>\n","protected":false},"excerpt":{"rendered":"<p>Ismael Garc\u00eda M.\/Zona Roja. Oaxaca de Ju\u00e1rez, Oax., a 21 de enero de 2024.- Por&hellip;<\/p>\n","protected":false},"author":2,"featured_media":64446,"comment_status":"closed","ping_status":"open","sticky":false,"template":"","format":"standard","meta":{"_lmt_disableupdate":"","_lmt_disable":"","_jetpack_memberships_contains_paid_content":false,"footnotes":""},"categories":[109,47],"tags":[2509,155],"class_list":["post-64445","post","type-post","status-publish","format-standard","has-post-thumbnail","hentry","category-minuto-a-minuto","category-zona-gris","tag-agencia-vicente-guerrero-zaachila","tag-villa-de-zaachila"],"jetpack_featured_media_url":"https:\/\/zonaroja.com.mx\/wp-content\/uploads\/2024\/01\/Bloqueo-agencia-Vicente-Guerrero.jpg.webp","jetpack_sharing_enabled":true,"_links":{"self":[{"href":"https:\/\/zonaroja.com.mx\/index.php?rest_route=\/wp\/v2\/posts\/64445","targetHints":{"allow":["GET"]}}],"collection":[{"href":"https:\/\/zonaroja.com.mx\/index.php?rest_route=\/wp\/v2\/posts"}],"about":[{"href":"https:\/\/zonaroja.com.mx\/index.php?rest_route=\/wp\/v2\/types\/post"}],"author":[{"embeddable":true,"href":"https:\/\/zonaroja.com.mx\/index.php?rest_route=\/wp\/v2\/users\/2"}],"replies":[{"embeddable":true,"href":"https:\/\/zonaroja.com.mx\/index.php?rest_route=%2Fwp%2Fv2%2Fcomments&post=64445"}],"version-history":[{"count":1,"href":"https:\/\/zonaroja.com.mx\/index.php?rest_route=\/wp\/v2\/posts\/64445\/revisions"}],"predecessor-version":[{"id":64447,"href":"https:\/\/zonaroja.com.mx\/index.php?rest_route=\/wp\/v2\/posts\/64445\/revisions\/64447"}],"wp:featuredmedia":[{"embeddable":true,"href":"https:\/\/zonaroja.com.mx\/index.php?rest_route=\/wp\/v2\/media\/64446"}],"wp:attachment":[{"href":"https:\/\/zonaroja.com.mx\/index.php?rest_route=%2Fwp%2Fv2%2Fmedia&parent=64445"}],"wp:term":[{"taxonomy":"category","embeddable":true,"href":"https:\/\/zonaroja.com.mx\/index.php?rest_route=%2Fwp%2Fv2%2Fcategories&post=64445"},{"taxonomy":"post_tag","embeddable":true,"href":"https:\/\/zonaroja.com.mx\/index.php?rest_route=%2Fwp%2Fv2%2Ftags&post=64445"}],"curies":[{"name":"wp","href":"https:\/\/api.w.org\/{rel}","templated":true}]}}