{"id":64448,"date":"2024-01-21T11:00:00","date_gmt":"2024-01-21T17:00:00","guid":{"rendered":"http:\/\/www.zonaroja.com.mx\/?p=64448"},"modified":"2024-01-21T07:35:53","modified_gmt":"2024-01-21T13:35:53","slug":"jueza-libera-a-8-militares-implicados-en-caso-ayotzinapa-comision-lo-condena","status":"publish","type":"post","link":"https:\/\/zonaroja.com.mx\/?p=64448","title":{"rendered":"Jueza libera a 8 militares implicados en caso Ayotzinapa; Comisi\u00f3n lo condena"},"content":{"rendered":"\n<p>Redacci\u00f3n\/Zona Roja Cdmx.<\/p>\n\n\n\n<p>Ciudad de M\u00e9xico, a 21 de enero de 2024.- Una juez federal con sede en Toluca, Estado de M\u00e9xico, orden\u00f3 que ocho militares presuntamente implicados en la desaparici\u00f3n de 43 estudiantes normalistas de Ayotzinapa, enfrenten su proceso penal en libertad.<\/p>\n\n\n\n<p>Se trata de Gustavo Rodr\u00edguez de la Cruz, Omar Torres, Juan Flores, Ramiro Manzanares, Roberto de los Santos, Eloy Estrada, Uriel Reyes y Juan Sotelo, quienes est\u00e1n acusados por la Fiscal\u00eda General de la Rep\u00fablica por el delito de \u201cdesaparici\u00f3n forzada\u201d.<\/p>\n\n\n\n<p>Este s\u00e1bado, la jueza Raquel Ivette Duarte Cedillo revoc\u00f3 la prisi\u00f3n preventiva oficiosa de los militares y estableci\u00f3 tres medidas cautelares: pagar 50,000 pesos como garant\u00eda, la presentaci\u00f3n ante la Unidad de Medidas Cautelares los d\u00edas 1 y 16 de cada mes, as\u00ed como la entrega del pasaporte y la prohibici\u00f3n de salir del pa\u00eds.<\/p>\n\n\n\n<p>Adem\u00e1s se estableci\u00f3 la prohibici\u00f3n de acercarse o comunicarse con los testigos o las v\u00edctimas y al estado de Guerrero, asimismo requiri\u00f3 a los procesados acreditar su domicilio particular.<\/p>\n\n\n\n<p>Los militares podr\u00edan ser puestos en libertad una vez que paguen el monto establecido y con garant\u00edas que no habr\u00e1 riesgo de que se evadan de la justicia.<\/p>\n\n\n\n<p>Los militares se entregaron de manera voluntaria, luego de que la Fiscal\u00eda General de la Rep\u00fablica reactivara 16 \u00f3rdenes de captura contra miembros del Ej\u00e9rcito que hab\u00edan sido emitidas en septiembre de 2022, pero que posteriormente fueron anuladas.<\/p>\n\n\n\n<p>Su imputaci\u00f3n deriva del testimonio del testigo protegido \u00abJuan\u00bb, quien afirma que los soldados estaban en la n\u00f3mina del grupo criminal Guerreros Unidos, se\u00f1alado como el presunto responsable de la desaparici\u00f3n de los normalistas.<\/p>\n\n\n\n<p>Los estudiantes desaparecieron entre la noche del 26 y la madrugada del 27 de septiembre de 2014, cuando intentaban apoderarse de autobuses para viajar a Ciudad de M\u00e9xico y participar en unas manifestaciones.<\/p>\n\n\n\n<p>CONDENAN MEDIDA<\/p>\n\n\n\n<p>La Comisi\u00f3n para la Verdad y el Acceso a la Justicia en el caso Ayotzinapa CoVAJ conden\u00f3 el cambio de medida cautelar dictada por la jueza segunda de distrito de Procesos Penales Federales en el Estado de M\u00e9xico.<\/p>\n\n\n\n<p>\u00abUna vez m\u00e1s, integrantes del Poder Judicial recurren al procedimiento de los llamados sabadazos, sin ponderar el derecho de las v\u00edctimas, las madres y los padres de los j\u00f3venes desaparecidos en un asunto que implica graves violaciones a derechos humanos\u00bb, se\u00f1al\u00f3 la Comisi\u00f3n en un comunicado.<\/p>\n\n\n\n<p>El subsecretario de Derechos Humanos, Poblaci\u00f3n y Migraci\u00f3n de la Secretar\u00eda de Gobernaci\u00f3n (Segob) y presidente de la CoVAJ, Arturo Medina Padilla, explic\u00f3 que con esta determinaci\u00f3n, \u201cno se exonera de los cargos a estos elementos de las Fuerzas Armadas, quienes continuar\u00e1n sujetos a proceso hasta el dictado de la sentencia correspondiente\u201d.<\/p>\n\n\n\n<p>\u201cEstaremos atentos a que se respete el debido proceso, el principio de legalidad y, lo m\u00e1s importante, el derecho a la verdad y la justicia de los familiares de los estudiantes desaparecidos\u201d, asegur\u00f3.<\/p>\n\n\n\n<p>(Informaci\u00f3n de \u201cExpansi\u00f3n Pol\u00edtica\u201d)<\/p>\n","protected":false},"excerpt":{"rendered":"<p>Redacci\u00f3n\/Zona Roja Cdmx. Ciudad de M\u00e9xico, a 21 de enero de 2024.- Una juez federal&hellip;<\/p>\n","protected":false},"author":2,"featured_media":45140,"comment_status":"closed","ping_status":"open","sticky":false,"template":"","format":"standard","meta":{"_lmt_disableupdate":"","_lmt_disable":"","_jetpack_memberships_contains_paid_content":false,"footnotes":""},"categories":[109,47],"tags":[823],"class_list":["post-64448","post","type-post","status-publish","format-standard","has-post-thumbnail","hentry","category-minuto-a-minuto","category-zona-gris","tag-desaparecidos-ayotzinapa-guerrero"],"jetpack_featured_media_url":"https:\/\/zonaroja.com.mx\/wp-content\/uploads\/2022\/08\/Desaparecidos-Normal-Ayotzinapa.jpeg","jetpack_sharing_enabled":true,"_links":{"self":[{"href":"https:\/\/zonaroja.com.mx\/index.php?rest_route=\/wp\/v2\/posts\/64448","targetHints":{"allow":["GET"]}}],"collection":[{"href":"https:\/\/zonaroja.com.mx\/index.php?rest_route=\/wp\/v2\/posts"}],"about":[{"href":"https:\/\/zonaroja.com.mx\/index.php?rest_route=\/wp\/v2\/types\/post"}],"author":[{"embeddable":true,"href":"https:\/\/zonaroja.com.mx\/index.php?rest_route=\/wp\/v2\/users\/2"}],"replies":[{"embeddable":true,"href":"https:\/\/zonaroja.com.mx\/index.php?rest_route=%2Fwp%2Fv2%2Fcomments&post=64448"}],"version-history":[{"count":1,"href":"https:\/\/zonaroja.com.mx\/index.php?rest_route=\/wp\/v2\/posts\/64448\/revisions"}],"predecessor-version":[{"id":64449,"href":"https:\/\/zonaroja.com.mx\/index.php?rest_route=\/wp\/v2\/posts\/64448\/revisions\/64449"}],"wp:featuredmedia":[{"embeddable":true,"href":"https:\/\/zonaroja.com.mx\/index.php?rest_route=\/wp\/v2\/media\/45140"}],"wp:attachment":[{"href":"https:\/\/zonaroja.com.mx\/index.php?rest_route=%2Fwp%2Fv2%2Fmedia&parent=64448"}],"wp:term":[{"taxonomy":"category","embeddable":true,"href":"https:\/\/zonaroja.com.mx\/index.php?rest_route=%2Fwp%2Fv2%2Fcategories&post=64448"},{"taxonomy":"post_tag","embeddable":true,"href":"https:\/\/zonaroja.com.mx\/index.php?rest_route=%2Fwp%2Fv2%2Ftags&post=64448"}],"curies":[{"name":"wp","href":"https:\/\/api.w.org\/{rel}","templated":true}]}}