{"id":6445,"date":"2019-12-07T15:02:56","date_gmt":"2019-12-07T21:02:56","guid":{"rendered":"https:\/\/www.zonaroja.com.mx\/?p=6445"},"modified":"2019-12-07T15:06:04","modified_gmt":"2019-12-07T21:06:04","slug":"allanan-domicilio-de-reportero-de-la-jornada-y-lo-amenazan-de-muerte","status":"publish","type":"post","link":"https:\/\/zonaroja.com.mx\/?p=6445","title":{"rendered":"Allanan domicilio de reportero de \u201cLa Jornada\u201d y lo amenazan de muerte"},"content":{"rendered":"\n<p>Redacci\u00f3n\/Zona Roja.<\/p>\n\n\n\n<p>Ciudad de M\u00e9xico, 7 de diciembre de 2019.- Alrededor de las 12:00 horas de ayer, un par de sujetos irrumpi\u00f3 en el domicilio del reportero de \u201cLa Jornada\u201d, Emir Olivares, revis\u00f3 algunas de sus pertenencias y luego de huir al ser confrontados en el interior de la vivienda, le llamaron y le aseguraron que alguien pag\u00f3 un mill\u00f3n de pesos por matarlo por haber realizado un trabajo en la UNAM.<\/p>\n\n\n\n<p>El comunicador forma parte del Programa de Protecci\u00f3n a Periodistas y Defensores de Derechos Humanos desde junio de 2017, cuando fue amenazado despu\u00e9s de emitir un reportaje sobre actividades de narcomenudistas dentro de las instalaciones de Ciudad Universitaria.<\/p>\n\n\n\n<p>En diversas ocasiones recibi\u00f3 mensajes a trav\u00e9s de los que se amenazaba su integridad f\u00edsica, y este viernes fue la primera ocasi\u00f3n en que entran a su domicilio.<\/p>\n\n\n\n<p>Presuntamente los agresores aprovecharon que el acceso principal estaba abierto por una mudanza que se llevaba a cabo, y luego de ingresar al inmueble, aparentemente considerando que no hab\u00eda nadie en el domicilio, abrieron la puerta con ganz\u00faas y comenzaron a revisar las pertenencias del informador.<\/p>\n\n\n\n<p>El reportero estaba terminando de ba\u00f1arse cuando sorprendi\u00f3 a los agresores y tras encararlos huyeron.<\/p>\n\n\n\n<p>Momentos despu\u00e9s le llamaron a los n\u00fameros telef\u00f3nicos tanto de su domicilio y celular, identific\u00e1ndolo por su nombre, y le dijo qui\u00e9n llamaba, que \u00e9l y sus hombres hab\u00edan sido contratados para da\u00f1arlo.<\/p>\n\n\n\n<p>\u201cA mi me pagaron un mill\u00f3n de pesos para matarlo, qu\u00e9 quiere que haga: o lo mato o usted me dobla la cantidad.<\/p>\n\n\n\n<p>\u201cEn cu\u00e1nto valora a su bonita familia\u201c, dijo el hombre que llam\u00f3 y le dijo que sab\u00eda d\u00f3nde trabaja, qu\u00e9 asuntos publica, y por qu\u00e9 hab\u00eda sido amenazado en 2017.<\/p>\n\n\n\n<p>Asimismo, le dieron otros datos personales confidenciales de su actividad y vida cotidiana.<\/p>\n\n\n\n<p>Luego estuvieron llamando para exigirle una suma millonaria para no asesinarlo, incluso le ofrecieron trasladarlo para que entregara dinero en efectivo para no ser agredido.<\/p>\n\n\n\n<p>Durante la llamada, testigos del telefonema, entre ellos dos escoltas que le son proporcionados por el mecanismo de protecci\u00f3n a periodistas, escucharon qui\u00e9n le llam\u00f3 y le dijo que le hab\u00edan pagado un mill\u00f3n de pesos por asesinarlo, era por haberse metido con gente de la UNAM en uno de sus trabajos.<\/p>\n","protected":false},"excerpt":{"rendered":"<p>Redacci\u00f3n\/Zona Roja. Ciudad de M\u00e9xico, 7 de diciembre de 2019.- Alrededor de las 12:00 horas&hellip;<\/p>\n","protected":false},"author":2,"featured_media":6444,"comment_status":"closed","ping_status":"open","sticky":false,"template":"","format":"standard","meta":{"_lmt_disableupdate":"","_lmt_disable":"","_jetpack_memberships_contains_paid_content":false,"footnotes":""},"categories":[109,51],"tags":[1109],"class_list":["post-6445","post","type-post","status-publish","format-standard","has-post-thumbnail","hentry","category-minuto-a-minuto","category-zona-roja","tag-emir-olivares"],"jetpack_featured_media_url":"https:\/\/zonaroja.com.mx\/wp-content\/uploads\/2019\/12\/img_6479.jpg","jetpack_sharing_enabled":true,"_links":{"self":[{"href":"https:\/\/zonaroja.com.mx\/index.php?rest_route=\/wp\/v2\/posts\/6445","targetHints":{"allow":["GET"]}}],"collection":[{"href":"https:\/\/zonaroja.com.mx\/index.php?rest_route=\/wp\/v2\/posts"}],"about":[{"href":"https:\/\/zonaroja.com.mx\/index.php?rest_route=\/wp\/v2\/types\/post"}],"author":[{"embeddable":true,"href":"https:\/\/zonaroja.com.mx\/index.php?rest_route=\/wp\/v2\/users\/2"}],"replies":[{"embeddable":true,"href":"https:\/\/zonaroja.com.mx\/index.php?rest_route=%2Fwp%2Fv2%2Fcomments&post=6445"}],"version-history":[{"count":1,"href":"https:\/\/zonaroja.com.mx\/index.php?rest_route=\/wp\/v2\/posts\/6445\/revisions"}],"predecessor-version":[{"id":6446,"href":"https:\/\/zonaroja.com.mx\/index.php?rest_route=\/wp\/v2\/posts\/6445\/revisions\/6446"}],"wp:featuredmedia":[{"embeddable":true,"href":"https:\/\/zonaroja.com.mx\/index.php?rest_route=\/wp\/v2\/media\/6444"}],"wp:attachment":[{"href":"https:\/\/zonaroja.com.mx\/index.php?rest_route=%2Fwp%2Fv2%2Fmedia&parent=6445"}],"wp:term":[{"taxonomy":"category","embeddable":true,"href":"https:\/\/zonaroja.com.mx\/index.php?rest_route=%2Fwp%2Fv2%2Fcategories&post=6445"},{"taxonomy":"post_tag","embeddable":true,"href":"https:\/\/zonaroja.com.mx\/index.php?rest_route=%2Fwp%2Fv2%2Ftags&post=6445"}],"curies":[{"name":"wp","href":"https:\/\/api.w.org\/{rel}","templated":true}]}}